{"id":28124,"date":"2024-11-28T14:15:54","date_gmt":"2024-11-28T13:15:54","guid":{"rendered":"https:\/\/bestelements.de\/?p=28124"},"modified":"2024-11-28T14:15:54","modified_gmt":"2024-11-28T13:15:54","slug":"tipps-luftreiniger-herbst-winter-unverzichtbar","status":"publish","type":"post","link":"https:\/\/bestelements.de\/es\/luftfilter\/tipps-luftreiniger-herbst-winter-unverzichtbar\/","title":{"rendered":"10 consejos y comparativa: Los purificadores de aire imprescindibles en oto\u00f1o e invierno"},"content":{"rendered":"<p><div class=\"fusion-fullwidth fullwidth-box fusion-builder-row-5 fusion-flex-container nonhundred-percent-fullwidth non-hundred-percent-height-scrolling\" style=\"--awb-border-radius-top-left:0px;--awb-border-radius-top-right:0px;--awb-border-radius-bottom-right:0px;--awb-border-radius-bottom-left:0px;--awb-flex-wrap:wrap;\" ><div class=\"fusion-builder-row fusion-row fusion-flex-align-items-flex-start fusion-flex-content-wrap\" style=\"max-width:1185.6px;margin-left: calc(-4% \/ 2 );margin-right: calc(-4% \/ 2 );\"><div class=\"fusion-layout-column fusion_builder_column fusion-builder-column-20 fusion_builder_column_1_1 1_1 fusion-flex-column\" style=\"--awb-bg-size:cover;--awb-width-large:100%;--awb-margin-top-large:0px;--awb-spacing-right-large:1.92%;--awb-margin-bottom-large:0px;--awb-spacing-left-large:1.92%;--awb-width-medium:100%;--awb-spacing-right-medium:1.92%;--awb-spacing-left-medium:1.92%;--awb-width-small:100%;--awb-spacing-right-small:1.92%;--awb-spacing-left-small:1.92%;\"><div class=\"fusion-column-wrapper fusion-flex-justify-content-flex-start fusion-content-layout-column\"><div class=\"fusion-image-element \" style=\"text-align:center;--awb-margin-top:2%;--awb-margin-bottom:2%;--awb-caption-title-font-family:var(--h2_typography-font-family);--awb-caption-title-font-weight:var(--h2_typography-font-weight);--awb-caption-title-font-style:var(--h2_typography-font-style);--awb-caption-title-size:var(--h2_typography-font-size);--awb-caption-title-transform:var(--h2_typography-text-transform);--awb-caption-title-line-height:var(--h2_typography-line-height);--awb-caption-title-letter-spacing:var(--h2_typography-letter-spacing);\"><span class=\" fusion-imageframe imageframe-none imageframe-11 hover-type-none\"><img decoding=\"async\" width=\"400\" height=\"110\" alt=\"Luftfilter im Vergleich\" title=\"Luftfilter im Vergleich\" src=\"https:\/\/bestelements.de\/wp-content\/uploads\/Banner-Portfolio-mehrere-Luftfilter-Bubbles-Lupe.jpg\" data-orig-src=\"https:\/\/bestelements.de\/wp-content\/uploads\/Banner-Portfolio-mehrere-Luftfilter-Bubbles-Lupe-400x110.jpg\" class=\"lazyload img-responsive wp-image-15322\" srcset=\"data:image\/svg+xml,%3Csvg%20xmlns%3D%27http%3A%2F%2Fwww.w3.org%2F2000%2Fsvg%27%20width%3D%271140%27%20height%3D%27313%27%20viewBox%3D%270%200%201140%20313%27%3E%3Crect%20width%3D%271140%27%20height%3D%27313%27%20fill-opacity%3D%220%22%2F%3E%3C%2Fsvg%3E\" data-srcset=\"https:\/\/bestelements.de\/wp-content\/uploads\/Banner-Portfolio-mehrere-Luftfilter-Bubbles-Lupe-200x55.jpg 200w, https:\/\/bestelements.de\/wp-content\/uploads\/Banner-Portfolio-mehrere-Luftfilter-Bubbles-Lupe-400x110.jpg 400w, https:\/\/bestelements.de\/wp-content\/uploads\/Banner-Portfolio-mehrere-Luftfilter-Bubbles-Lupe-600x165.jpg 600w, https:\/\/bestelements.de\/wp-content\/uploads\/Banner-Portfolio-mehrere-Luftfilter-Bubbles-Lupe-800x220.jpg 800w, https:\/\/bestelements.de\/wp-content\/uploads\/Banner-Portfolio-mehrere-Luftfilter-Bubbles-Lupe.jpg 1140w\" data-sizes=\"auto\" data-orig-sizes=\"(max-width: 1024px) 100vw, (max-width: 640px) 100vw, 400px\" \/><\/span><\/div><div class=\"fusion-text fusion-text-15\"><h2>Por qu\u00e9 los purificadores de aire son imprescindibles en oto\u00f1o e invierno<\/h2>\n<p>A medida que cambian las estaciones, aumentan los desaf\u00edos en materia de calidad del aire interior. En oto\u00f1o e invierno, cuando las ventanas permanecen cerradas con m\u00e1s frecuencia y la gente pasa m\u00e1s tiempo en el interior, la calidad del aire se deteriora r\u00e1pidamente. Durante esta \u00e9poca, los purificadores de aire son cada vez m\u00e1s importantes, ya que pueden ayudar a proteger la salud, promover la productividad y crear un clima interior agradable a largo plazo.<\/p>\n<h2>Protecci\u00f3n contra infecciones y riesgo de infecci\u00f3n.<\/h2>\n<p>La estaci\u00f3n fr\u00eda trae consigo una mayor susceptibilidad a las enfermedades infecciosas. Virus como el de la gripe o el coronavirus se propagan de forma especialmente eficaz en espacios cerrados, donde la circulaci\u00f3n del aire est\u00e1 restringida y los aerosoles pueden permanecer en el aire. Los purificadores de aire con filtros HEPA pueden filtrar los pat\u00f3genos del aire y reducir as\u00ed significativamente el riesgo de infecci\u00f3n. El uso de purificadores de aire puede ayudar a contener la propagaci\u00f3n de infecciones y proteger la salud de los presentes, especialmente en zonas comunes como oficinas, escuelas o guarder\u00edas.<\/p>\n<\/div><div class=\"fusion-image-element \" style=\"text-align:center;--awb-caption-title-font-family:var(--h2_typography-font-family);--awb-caption-title-font-weight:var(--h2_typography-font-weight);--awb-caption-title-font-style:var(--h2_typography-font-style);--awb-caption-title-size:var(--h2_typography-font-size);--awb-caption-title-transform:var(--h2_typography-text-transform);--awb-caption-title-line-height:var(--h2_typography-line-height);--awb-caption-title-letter-spacing:var(--h2_typography-letter-spacing);\"><span class=\" fusion-imageframe imageframe-none imageframe-12 hover-type-none\"><img decoding=\"async\" width=\"400\" height=\"110\" alt=\"Gro\u00dfraumb\u00fcro mit Luftreiniger\" title=\"Gro\u00dfraumb\u00fcro mit Luftreiniger\" src=\"https:\/\/bestelements.de\/wp-content\/uploads\/Banner-Loft-Grossraumbuero-mit-Luftreiniger.jpg\" data-orig-src=\"https:\/\/bestelements.de\/wp-content\/uploads\/Banner-Loft-Grossraumbuero-mit-Luftreiniger-400x110.jpg\" class=\"lazyload img-responsive wp-image-17475\" srcset=\"data:image\/svg+xml,%3Csvg%20xmlns%3D%27http%3A%2F%2Fwww.w3.org%2F2000%2Fsvg%27%20width%3D%271140%27%20height%3D%27313%27%20viewBox%3D%270%200%201140%20313%27%3E%3Crect%20width%3D%271140%27%20height%3D%27313%27%20fill-opacity%3D%220%22%2F%3E%3C%2Fsvg%3E\" data-srcset=\"https:\/\/bestelements.de\/wp-content\/uploads\/Banner-Loft-Grossraumbuero-mit-Luftreiniger-200x55.jpg 200w, https:\/\/bestelements.de\/wp-content\/uploads\/Banner-Loft-Grossraumbuero-mit-Luftreiniger-400x110.jpg 400w, https:\/\/bestelements.de\/wp-content\/uploads\/Banner-Loft-Grossraumbuero-mit-Luftreiniger-600x165.jpg 600w, https:\/\/bestelements.de\/wp-content\/uploads\/Banner-Loft-Grossraumbuero-mit-Luftreiniger-800x220.jpg 800w, https:\/\/bestelements.de\/wp-content\/uploads\/Banner-Loft-Grossraumbuero-mit-Luftreiniger.jpg 1140w\" data-sizes=\"auto\" data-orig-sizes=\"(max-width: 1024px) 100vw, (max-width: 640px) 100vw, 400px\" \/><\/span><\/div><div class=\"fusion-separator fusion-full-width-sep\" style=\"align-self: center;margin-left: auto;margin-right: auto;margin-bottom:4%;width:100%;\"><\/div><\/div><\/div><div class=\"fusion-layout-column fusion_builder_column fusion-builder-column-21 fusion_builder_column_2_3 2_3 fusion-flex-column\" style=\"--awb-bg-size:cover;--awb-width-large:66.666666666667%;--awb-margin-top-large:0px;--awb-spacing-right-large:2.88%;--awb-margin-bottom-large:20px;--awb-spacing-left-large:2.88%;--awb-width-medium:100%;--awb-order-medium:0;--awb-spacing-right-medium:1.92%;--awb-spacing-left-medium:1.92%;--awb-width-small:100%;--awb-order-small:0;--awb-spacing-right-small:1.92%;--awb-spacing-left-small:1.92%;\"><div class=\"fusion-column-wrapper fusion-column-has-shadow fusion-flex-justify-content-flex-start fusion-content-layout-column\"><div class=\"fusion-text fusion-text-16\"><h2>Purificadores de aire en oficinas y locales comerciales<\/h2>\n<h3>Empleados sanos: menos ausencias<\/h3>\n<p>En oficinas y otros entornos laborales, la calidad del aire es un factor crucial para la salud y la productividad de los empleados. Los purificadores de aire ayudan a mantener el aire interior libre de contaminantes, al\u00e9rgenos y pat\u00f3genos. Esto no s\u00f3lo conduce a un mayor bienestar, sino tambi\u00e9n a una reducci\u00f3n de los d\u00edas de enfermedad. Los empleados sanos se enferman con menos frecuencia y trabajan de forma m\u00e1s productiva, una ventaja para todas las empresas.<\/p>\n<\/div><\/div><\/div><div class=\"fusion-layout-column fusion_builder_column fusion-builder-column-22 fusion_builder_column_1_3 1_3 fusion-flex-column fusion-flex-align-self-center\" style=\"--awb-bg-size:cover;--awb-width-large:33.333333333333%;--awb-margin-top-large:0px;--awb-spacing-right-large:5.76%;--awb-margin-bottom-large:20px;--awb-spacing-left-large:5.76%;--awb-width-medium:100%;--awb-order-medium:0;--awb-spacing-right-medium:1.92%;--awb-spacing-left-medium:1.92%;--awb-width-small:100%;--awb-order-small:0;--awb-spacing-right-small:1.92%;--awb-spacing-left-small:1.92%;\" data-scroll-devices=\"small-visibility,medium-visibility,large-visibility\"><div class=\"fusion-column-wrapper fusion-column-has-shadow fusion-flex-justify-content-flex-start fusion-content-layout-column\"><div class=\"fusion-image-element \" style=\"text-align:center;--awb-caption-title-font-family:var(--h2_typography-font-family);--awb-caption-title-font-weight:var(--h2_typography-font-weight);--awb-caption-title-font-style:var(--h2_typography-font-style);--awb-caption-title-size:var(--h2_typography-font-size);--awb-caption-title-transform:var(--h2_typography-text-transform);--awb-caption-title-line-height:var(--h2_typography-line-height);--awb-caption-title-letter-spacing:var(--h2_typography-letter-spacing);\"><span class=\" fusion-imageframe imageframe-none imageframe-13 hover-type-none\"><img decoding=\"async\" width=\"150\" height=\"150\" alt=\"Motivation f\u00fcr Angestellte und Mitarbeiter\" title=\"Motivation f\u00fcr Angestellte und Mitarbeiter\" src=\"data:image\/svg+xml,%3Csvg%20xmlns%3D%27http%3A%2F%2Fwww.w3.org%2F2000%2Fsvg%27%20width%3D%27350%27%20height%3D%27250%27%20viewBox%3D%270%200%20350%20250%27%3E%3Crect%20width%3D%27350%27%20height%3D%27250%27%20fill-opacity%3D%220%22%2F%3E%3C%2Fsvg%3E\" data-orig-src=\"https:\/\/bestelements.de\/wp-content\/uploads\/Motivation-fuer-Angestellte-und-Mitarbeiter-150x150.jpg\" class=\"lazyload img-responsive wp-image-19329\"\/><\/span><\/div><\/div><\/div><div class=\"fusion-layout-column fusion_builder_column fusion-builder-column-23 fusion_builder_column_1_1 1_1 fusion-flex-column\" style=\"--awb-bg-size:cover;--awb-width-large:100%;--awb-margin-top-large:0px;--awb-spacing-right-large:1.92%;--awb-margin-bottom-large:20px;--awb-spacing-left-large:1.92%;--awb-width-medium:100%;--awb-order-medium:0;--awb-spacing-right-medium:1.92%;--awb-spacing-left-medium:1.92%;--awb-width-small:100%;--awb-order-small:0;--awb-spacing-right-small:1.92%;--awb-spacing-left-small:1.92%;\"><div class=\"fusion-column-wrapper fusion-column-has-shadow fusion-flex-justify-content-flex-start fusion-content-layout-column\"><div class=\"fusion-text fusion-text-17\"><h2>Reducir la contaminaci\u00f3n por polvo fino en interiores<\/h2>\n<p>En oto\u00f1o e invierno, la contaminaci\u00f3n por polvo fino en el interior aumenta debido al funcionamiento de calefactores, chimeneas y otras fuentes de calor. El polvo fino puede penetrar profundamente en las v\u00edas respiratorias y causar da\u00f1os a la salud a largo plazo. Los purificadores de aire de alta calidad filtran eficazmente las part\u00edculas finas de polvo del aire y garantizan as\u00ed un mejor aire respirable.<\/p>\n<h2>Minimizar la contaminaci\u00f3n por COV de las instalaciones interiores<\/h2>\n<p>Durante la estaci\u00f3n fr\u00eda pasamos m\u00e1s tiempo en interiores, lo que aumenta la concentraci\u00f3n de compuestos org\u00e1nicos vol\u00e1tiles (COV). Los COV a menudo provienen de muebles, alfombras, pintura o productos de limpieza y pueden causar dolores de cabeza, irritaci\u00f3n respiratoria o problemas de salud a largo plazo. Los purificadores de aire con filtros de carb\u00f3n activado son particularmente eficaces para eliminar estos contaminantes del aire interior y mejorar el clima interior.<\/p>\n<\/div><\/div><\/div><div class=\"fusion-layout-column fusion_builder_column fusion-builder-column-24 fusion_builder_column_2_3 2_3 fusion-flex-column\" style=\"--awb-bg-size:cover;--awb-width-large:66.666666666667%;--awb-margin-top-large:0px;--awb-spacing-right-large:2.88%;--awb-margin-bottom-large:20px;--awb-spacing-left-large:2.88%;--awb-width-medium:100%;--awb-order-medium:0;--awb-spacing-right-medium:1.92%;--awb-spacing-left-medium:1.92%;--awb-width-small:100%;--awb-order-small:0;--awb-spacing-right-small:1.92%;--awb-spacing-left-small:1.92%;\"><div class=\"fusion-column-wrapper fusion-column-has-shadow fusion-flex-justify-content-flex-start fusion-content-layout-column\"><div class=\"fusion-text fusion-text-18\"><h2>Purificador de aire en tiempo real contra virus y bacterias<\/h2>\n<h3>Tecnolog\u00eda ActivePure\u00ae: Combate eficazmente virus y bacterias<\/h3>\n<p>Los purificadores de aire con tecnolog\u00eda ActivePure\u00ae ofrecen una soluci\u00f3n especialmente eficaz para combatir virus, bacterias y g\u00e9rmenes, tanto en el aire como en las superficies. Esta avanzada tecnolog\u00eda destruye los pat\u00f3genos inmediatamente y garantiza as\u00ed un clima interior seguro e higi\u00e9nico. La tecnolog\u00eda ActivePure\u00ae se utiliza a menudo, especialmente en salas de grupos como escuelas, guarder\u00edas, oficinas, consultorios m\u00e9dicos y cl\u00ednicas, para prevenir infecciones y proteger la salud de los presentes. La acci\u00f3n r\u00e1pida y confiable hace que estos dispositivos sean una opci\u00f3n ideal para \u00e1reas donde las personas trabajan en estrecha colaboraci\u00f3n o tienen contacto.<\/p>\n<\/div><\/div><\/div><div class=\"fusion-layout-column fusion_builder_column fusion-builder-column-25 fusion_builder_column_1_3 1_3 fusion-flex-column fusion-flex-align-self-center\" style=\"--awb-bg-size:cover;--awb-width-large:33.333333333333%;--awb-margin-top-large:0px;--awb-spacing-right-large:5.76%;--awb-margin-bottom-large:20px;--awb-spacing-left-large:5.76%;--awb-width-medium:100%;--awb-order-medium:0;--awb-spacing-right-medium:1.92%;--awb-spacing-left-medium:1.92%;--awb-width-small:100%;--awb-order-small:0;--awb-spacing-right-small:1.92%;--awb-spacing-left-small:1.92%;\" data-scroll-devices=\"small-visibility,medium-visibility,large-visibility\"><div class=\"fusion-column-wrapper fusion-column-has-shadow fusion-flex-justify-content-flex-start fusion-content-layout-column\"><div class=\"fusion-image-element \" style=\"text-align:center;--awb-caption-title-font-family:var(--h2_typography-font-family);--awb-caption-title-font-weight:var(--h2_typography-font-weight);--awb-caption-title-font-style:var(--h2_typography-font-style);--awb-caption-title-size:var(--h2_typography-font-size);--awb-caption-title-transform:var(--h2_typography-text-transform);--awb-caption-title-line-height:var(--h2_typography-line-height);--awb-caption-title-letter-spacing:var(--h2_typography-letter-spacing);\"><span class=\" fusion-imageframe imageframe-none imageframe-14 hover-type-none\"><img decoding=\"async\" width=\"150\" height=\"150\" alt=\"Konferenz mit ActivePure Luftreiniger Beyond\" title=\"Konferenz mit ActivePure Luftreiniger\" src=\"data:image\/svg+xml,%3Csvg%20xmlns%3D%27http%3A%2F%2Fwww.w3.org%2F2000%2Fsvg%27%20width%3D%271140%27%20height%3D%27585%27%20viewBox%3D%270%200%201140%20585%27%3E%3Crect%20width%3D%271140%27%20height%3D%27585%27%20fill-opacity%3D%220%22%2F%3E%3C%2Fsvg%3E\" data-orig-src=\"https:\/\/bestelements.de\/wp-content\/uploads\/Konferenz-mit-ActivePure-Luftreiniger-Beyond-150x150.jpg\" class=\"lazyload img-responsive wp-image-17318\"\/><\/span><\/div><\/div><\/div><div class=\"fusion-layout-column fusion_builder_column fusion-builder-column-26 fusion_builder_column_2_3 2_3 fusion-flex-column\" style=\"--awb-bg-size:cover;--awb-width-large:66.666666666667%;--awb-margin-top-large:0px;--awb-spacing-right-large:2.88%;--awb-margin-bottom-large:20px;--awb-spacing-left-large:2.88%;--awb-width-medium:100%;--awb-order-medium:0;--awb-spacing-right-medium:1.92%;--awb-spacing-left-medium:1.92%;--awb-width-small:100%;--awb-order-small:0;--awb-spacing-right-small:1.92%;--awb-spacing-left-small:1.92%;\"><div class=\"fusion-column-wrapper fusion-column-has-shadow fusion-flex-justify-content-flex-start fusion-content-layout-column\"><div class=\"fusion-text fusion-text-19\"><h2>Purificador de aire en eventos y celebraciones<\/h2>\n<h3>Soluciones flexibles: Alquiler de purificadores de aire para eventos y reuniones privadas<\/h3>\n<p>Especialmente en oto\u00f1o e invierno, cuando muchas personas se re\u00fanen en interiores para eventos, conferencias o reuniones privadas, por ejemplo durante las vacaciones, aumenta el riesgo de que aumenten los niveles de contaminantes y virus en el aire. BestElements ofrece una soluci\u00f3n flexible en el sentido de que tambi\u00e9n se pueden alquilar purificadores de aire. Esta opci\u00f3n es ideal para garantizar un aire interior limpio y saludable en ocasiones temporales. Independientemente de si se trata de una celebraci\u00f3n de empresa, una fiesta de Navidad o una fiesta de Nochevieja, tambi\u00e9n puede alquilar los purificadores de aire de BestElements, proteger a sus invitados de part\u00edculas nocivas y pat\u00f3genos y crear un ambiente agradable.<\/p>\n<\/div><\/div><\/div><div class=\"fusion-layout-column fusion_builder_column fusion-builder-column-27 fusion_builder_column_1_3 1_3 fusion-flex-column fusion-flex-align-self-center\" style=\"--awb-bg-size:cover;--awb-width-large:33.333333333333%;--awb-margin-top-large:0px;--awb-spacing-right-large:5.76%;--awb-margin-bottom-large:20px;--awb-spacing-left-large:5.76%;--awb-width-medium:100%;--awb-order-medium:0;--awb-spacing-right-medium:1.92%;--awb-spacing-left-medium:1.92%;--awb-width-small:100%;--awb-order-small:0;--awb-spacing-right-small:1.92%;--awb-spacing-left-small:1.92%;\" data-scroll-devices=\"small-visibility,medium-visibility,large-visibility\"><div class=\"fusion-column-wrapper fusion-column-has-shadow fusion-flex-justify-content-flex-start fusion-content-layout-column\"><div class=\"fusion-image-element \" style=\"text-align:center;--awb-caption-title-font-family:var(--h2_typography-font-family);--awb-caption-title-font-weight:var(--h2_typography-font-weight);--awb-caption-title-font-style:var(--h2_typography-font-style);--awb-caption-title-size:var(--h2_typography-font-size);--awb-caption-title-transform:var(--h2_typography-text-transform);--awb-caption-title-line-height:var(--h2_typography-line-height);--awb-caption-title-letter-spacing:var(--h2_typography-letter-spacing);\"><span class=\" fusion-imageframe imageframe-none imageframe-15 hover-type-none\"><img decoding=\"async\" width=\"150\" height=\"150\" alt=\"Zufriedene Familie: Wasserfilter, Luftreiniger, Wasserstoff-Generatoren\" title=\"Zufriedene Familie: Wasserfilter, Luftreiniger, Wasserstoff-Generatoren\" src=\"data:image\/svg+xml,%3Csvg%20xmlns%3D%27http%3A%2F%2Fwww.w3.org%2F2000%2Fsvg%27%20width%3D%271140%27%20height%3D%27313%27%20viewBox%3D%270%200%201140%20313%27%3E%3Crect%20width%3D%271140%27%20height%3D%27313%27%20fill-opacity%3D%220%22%2F%3E%3C%2Fsvg%3E\" data-orig-src=\"https:\/\/bestelements.de\/wp-content\/uploads\/Zufriedene-Familie-150x150.jpg\" class=\"lazyload img-responsive wp-image-22557\"\/><\/span><\/div><\/div><\/div><div class=\"fusion-layout-column fusion_builder_column fusion-builder-column-28 fusion_builder_column_1_1 1_1 fusion-flex-column\" style=\"--awb-bg-size:cover;--awb-width-large:100%;--awb-margin-top-large:0px;--awb-spacing-right-large:1.92%;--awb-margin-bottom-large:20px;--awb-spacing-left-large:1.92%;--awb-width-medium:100%;--awb-order-medium:0;--awb-spacing-right-medium:1.92%;--awb-spacing-left-medium:1.92%;--awb-width-small:100%;--awb-order-small:0;--awb-spacing-right-small:1.92%;--awb-spacing-left-small:1.92%;\"><div class=\"fusion-column-wrapper fusion-column-has-shadow fusion-flex-justify-content-flex-start fusion-content-layout-column\"><div class=\"fusion-text fusion-text-20\"><h2>Preparaci\u00f3n temprana para el polen en primavera y verano.<\/h2>\n<p>Aunque a primera vista el oto\u00f1o y el invierno no se consideran temporada de polen, las personas al\u00e9rgicas se benefician del uso de purificadores de aire durante todo el a\u00f1o. El funcionamiento continuo libera el aire interior del polen y de muchos otros al\u00e9rgenos que pueden introducirse a trav\u00e9s de la ventilaci\u00f3n, la ropa o las mascotas, no s\u00f3lo en primavera y verano. Esto ayuda a minimizar la exposici\u00f3n a los al\u00e9rgenos y aliviar los s\u00edntomas de la alergia de manera temprana.<\/p>\n<h2>Invertir en salud y bienestar<\/h2>\n<\/div><div class=\"fusion-alert alert success alert-success fusion-alert-left awb-alert-native-link-color\" role=\"alert\"><div class=\"fusion-alert-content-wrapper\"><span class=\"alert-icon\"><i class=\"awb-icon-check-circle\" aria-hidden=\"true\"><\/i><\/span><span class=\"fusion-alert-content\">Los purificadores de aire son particularmente importantes en oto\u00f1o e invierno porque eliminan una variedad de contaminantes y pat\u00f3genos del aire. Protegen contra infecciones, promueven la salud y garantizan un clima interior agradable, tanto en el \u00e1mbito privado como en el profesional. Al mismo tiempo, preparan el interior de forma \u00f3ptima para los retos de la pr\u00f3xima primavera y verano. Por lo tanto, invertir en purificadores de aire no es s\u00f3lo una medida de precauci\u00f3n, sino tambi\u00e9n una contribuci\u00f3n significativa al aumento de la calidad de vida y la salud.<\/span><\/div><\/div><div class=\"fusion-title title fusion-title-7 fusion-sep-none fusion-title-center fusion-title-text fusion-title-size-two\" style=\"--awb-margin-top-small:10px;--awb-margin-right-small:0px;--awb-margin-bottom-small:10px;--awb-margin-left-small:0px;\"><h2 class=\"fusion-title-heading title-heading-center fusion-responsive-typography-calculated\" style=\"margin:0;--fontSize:27.2;line-height:1.13;\">Comprar filtros de aire \u2013 purificadores de aire en comparaci\u00f3n<\/h2><\/div><div style=\"text-align:center;\"><a class=\"fusion-button button-flat fusion-button-default-size button-default fusion-button-default button-5 fusion-button-default-span fusion-button-default-type\" style=\"--awb-margin-bottom:2%;\" target=\"_self\" href=\"https:\/\/bestelements.de\/es\/einfach-erklaert\/wichtige-gruende-um-luft-zu-filtern\/\"><span class=\"fusion-button-text awb-button__text awb-button__text--default\">Razones importantes para filtrar el aire<\/span><\/a><\/div><div class=\"fusion-text fusion-text-21\" style=\"--awb-content-alignment:center;\"><h3>Comparaci\u00f3n de filtros de aire m\u00f3viles<\/h3>\n<h4>Comparamos modelos de purificadores de aire con diferentes tecnolog\u00edas:<\/h4>\n<p>1. Nueva tecnolog\u00eda ActivePure\u00ae contra virus y contaminantes<\/p>\n<p>2. Potentes purificadores de aire que utilizan tecnolog\u00eda tradicional.<\/p>\n<\/div><div style=\"text-align:center;\"><a class=\"fusion-button button-flat fusion-button-default-size button-default fusion-button-default button-6 fusion-button-default-span fusion-button-default-type\" target=\"_self\" href=\"https:\/\/bestelements.de\/es\/luftfilter\/luftfilter-kaufen-luftreiniger-im-vergleich\/\"><span class=\"fusion-button-text awb-button__text awb-button__text--default\">Comparaci\u00f3n de purificadores de aire<\/span><\/a><\/div><\/div><\/div><\/div><\/div><div class=\"fusion-fullwidth fullwidth-box fusion-builder-row-6 fusion-flex-container nonhundred-percent-fullwidth non-hundred-percent-height-scrolling\" style=\"--awb-border-radius-top-left:0px;--awb-border-radius-top-right:0px;--awb-border-radius-bottom-right:0px;--awb-border-radius-bottom-left:0px;--awb-flex-wrap:wrap;\" ><div class=\"fusion-builder-row fusion-row fusion-flex-align-items-flex-start fusion-flex-content-wrap\" style=\"max-width:1185.6px;margin-left: calc(-4% \/ 2 );margin-right: calc(-4% \/ 2 );\"><div class=\"fusion-layout-column fusion_builder_column fusion-builder-column-29 fusion_builder_column_1_1 1_1 fusion-flex-column\" style=\"--awb-bg-size:cover;--awb-width-large:100%;--awb-margin-top-large:0px;--awb-spacing-right-large:1.92%;--awb-margin-bottom-large:20px;--awb-spacing-left-large:1.92%;--awb-width-medium:100%;--awb-order-medium:0;--awb-spacing-right-medium:1.92%;--awb-spacing-left-medium:1.92%;--awb-width-small:100%;--awb-order-small:0;--awb-spacing-right-small:1.92%;--awb-spacing-left-small:1.92%;\"><div class=\"fusion-column-wrapper fusion-column-has-shadow fusion-flex-justify-content-flex-start fusion-content-layout-column\"><div class=\"fusion-title title fusion-title-8 fusion-sep-none fusion-title-text fusion-title-size-one\" style=\"--awb-margin-top-small:10px;--awb-margin-right-small:0px;--awb-margin-bottom-small:10px;--awb-margin-left-small:0px;\"><h1 class=\"fusion-title-heading title-heading-left fusion-responsive-typography-calculated\" style=\"margin:0;--fontSize:48;line-height:1.13;\">Purificador de aire para aire limpio en interiores <a href=\"https:\/\/bestelements.de\/es\/onlineshop-luftfilter-kaufen-zuhause-buero-gruppen-ueberblick-vergleich\/\"><small><small><small><u>Visi\u00f3n general<\/u><\/small><\/small><\/small><\/a><\/h1><\/div><div class=\"fusion-title title fusion-title-9 fusion-sep-none fusion-title-text fusion-title-size-two\" style=\"--awb-margin-top-small:10px;--awb-margin-right-small:0px;--awb-margin-bottom-small:10px;--awb-margin-left-small:0px;\"><h2 class=\"fusion-title-heading title-heading-left fusion-responsive-typography-calculated\" style=\"margin:0;--fontSize:27.2;line-height:1.13;\">Los filtros de aire m\u00f3viles protegen con etapas de filtrado eficientes<\/h2><\/div><div class=\"fusion-woo-product-slider fusion-woo-slider\"><div class=\"awb-carousel awb-swiper awb-swiper-carousel fusion-carousel-title-below-image\" data-metacontent=\"yes\" data-autoplay=\"yes\" data-columns=\"5\" data-itemmargin=\"13\" data-itemwidth=\"180\" data-touchscroll=\"yes\" data-imagesize=\"auto\"><div class=\"swiper-wrapper\"><div class=\"swiper-slide\"><div class=\"fusion-classic-product-image-wrapper\"><div class=\"fusion-carousel-item-wrapper\"><div  class=\"fusion-image-wrapper\" aria-haspopup=\"true\">\n\t\t\t\t<div class=\"fusion-woo-badges-wrapper\">\n<\/div>\t\t\t<a href=\"https:\/\/bestelements.de\/es\/kaufen\/luftfilter-luftreiniger-onlineshop\/mobilen-luftfilter-luftreiniger-be-air4-mieten-fuer-feiertage-und-familientreffen-zuhause\/\" aria-label=\"Alquile el purificador de aire port\u00e1til BE AIR4 para vacaciones y reuniones familiares en casa\">\n\t\t\t\t\t\t\t<img decoding=\"async\" width=\"700\" height=\"700\" src=\"https:\/\/bestelements.de\/wp-content\/uploads\/Mobiler-Luftfilter-BE-AIR4-mieten-1.jpg\" class=\"attachment-full size-full lazyload wp-post-image\" alt=\"Mobiler Luftfilter BE AIR4 mieten\" srcset=\"data:image\/svg+xml,%3Csvg%20xmlns%3D%27http%3A%2F%2Fwww.w3.org%2F2000%2Fsvg%27%20width%3D%27700%27%20height%3D%27700%27%20viewBox%3D%270%200%20700%20700%27%3E%3Crect%20width%3D%27700%27%20height%3D%27700%27%20fill-opacity%3D%220%22%2F%3E%3C%2Fsvg%3E\" data-orig-src=\"https:\/\/bestelements.de\/wp-content\/uploads\/Mobiler-Luftfilter-BE-AIR4-mieten-1.jpg\" data-srcset=\"https:\/\/bestelements.de\/wp-content\/uploads\/Mobiler-Luftfilter-BE-AIR4-mieten-1-200x200.jpg 200w, https:\/\/bestelements.de\/wp-content\/uploads\/Mobiler-Luftfilter-BE-AIR4-mieten-1-400x400.jpg 400w, https:\/\/bestelements.de\/wp-content\/uploads\/Mobiler-Luftfilter-BE-AIR4-mieten-1-600x600.jpg 600w, https:\/\/bestelements.de\/wp-content\/uploads\/Mobiler-Luftfilter-BE-AIR4-mieten-1.jpg 700w\" data-sizes=\"auto\" \/><div class=\"cart-loading\"><i class=\"awb-icon-spinner\" aria-hidden=\"true\"><\/i><\/div>\t\t\t<\/a>\n\t\t\t\t\t\t\t<\/div>\n<h4 class=\"fusion-carousel-title product-title\"><a href=\"https:\/\/bestelements.de\/es\/kaufen\/luftfilter-luftreiniger-onlineshop\/mobilen-luftfilter-luftreiniger-be-air4-mieten-fuer-feiertage-und-familientreffen-zuhause\/\" target=\"_self\">Alquile el purificador de aire port\u00e1til BE AIR4 para vacaciones y reuniones familiares en casa<\/a><\/h4><div class=\"fusion-carousel-meta\"><a href=\"https:\/\/bestelements.de\/es\/produkt-kategorie\/luftfilter-luftreiniger-onlineshop\/\" rel=\"tag\">Filtros de aire Compra y alquiler de purificadores de aire<\/a><span class=\"gtm4wp_productdata\" style=\"display:none; visibility:hidden;\" data-gtm4wp_product_data=\"{&quot;internal_id&quot;:11347,&quot;item_id&quot;:11347,&quot;item_name&quot;:&quot;Alquile el purificador de aire port\\u00e1til BE AIR4 para vacaciones y reuniones familiares en casa&quot;,&quot;sku&quot;:&quot;R110204rent&quot;,&quot;price&quot;:50,&quot;stocklevel&quot;:null,&quot;stockstatus&quot;:&quot;instock&quot;,&quot;google_business_vertical&quot;:&quot;retail&quot;,&quot;item_category&quot;:&quot;Filtros de aire Compra y alquiler de purificadores de aire&quot;,&quot;id&quot;:11347,&quot;item_brand&quot;:&quot;Filtros de aire Compra y alquiler de purificadores de aire&quot;,&quot;productlink&quot;:&quot;https:\\\/\\\/bestelements.de\\\/es\\\/kaufen\\\/luftfilter-luftreiniger-onlineshop\\\/mobilen-luftfilter-luftreiniger-be-air4-mieten-fuer-feiertage-und-familientreffen-zuhause\\\/&quot;,&quot;item_list_name&quot;:&quot;Lista general de productos&quot;,&quot;index&quot;:0,&quot;product_type&quot;:&quot;simple&quot;}\"><\/span><div class=\"fusion-carousel-price\">\n\t<span class=\"price\"><span class=\"woocommerce-Price-amount amount\"><bdi>50,00&nbsp;<span class=\"woocommerce-Price-currencySymbol\">&euro;<\/span><\/bdi><\/span><\/span>\n<\/div><\/div><\/div><\/div><\/div><div class=\"swiper-slide\"><div class=\"fusion-classic-product-image-wrapper\"><div class=\"fusion-carousel-item-wrapper\"><div  class=\"fusion-image-wrapper\" aria-haspopup=\"true\">\n\t\t\t\t<div class=\"fusion-woo-badges-wrapper\">\n<\/div>\t\t\t<a href=\"https:\/\/bestelements.de\/es\/kaufen\/luftfilter-luftreiniger-onlineshop\/luftfilter-luftreiniger-mieten-be-air8-fuer-meetings-und-gruppentreffen\/\" aria-label=\"Alquiler de purificador de aire con filtro de aire BE AIR8 para reuniones y encuentros grupales\">\n\t\t\t\t\t\t\t<img decoding=\"async\" width=\"700\" height=\"700\" src=\"https:\/\/bestelements.de\/wp-content\/uploads\/Luftfilter-BE-Air8-mieten-1.jpg\" class=\"attachment-full size-full lazyload wp-post-image\" alt=\"Mobilen Luftfilter BE Air8 mieten\" srcset=\"data:image\/svg+xml,%3Csvg%20xmlns%3D%27http%3A%2F%2Fwww.w3.org%2F2000%2Fsvg%27%20width%3D%27700%27%20height%3D%27700%27%20viewBox%3D%270%200%20700%20700%27%3E%3Crect%20width%3D%27700%27%20height%3D%27700%27%20fill-opacity%3D%220%22%2F%3E%3C%2Fsvg%3E\" data-orig-src=\"https:\/\/bestelements.de\/wp-content\/uploads\/Luftfilter-BE-Air8-mieten-1.jpg\" data-srcset=\"https:\/\/bestelements.de\/wp-content\/uploads\/Luftfilter-BE-Air8-mieten-1-200x200.jpg 200w, https:\/\/bestelements.de\/wp-content\/uploads\/Luftfilter-BE-Air8-mieten-1-400x400.jpg 400w, https:\/\/bestelements.de\/wp-content\/uploads\/Luftfilter-BE-Air8-mieten-1-600x600.jpg 600w, https:\/\/bestelements.de\/wp-content\/uploads\/Luftfilter-BE-Air8-mieten-1.jpg 700w\" data-sizes=\"auto\" \/><div class=\"cart-loading\"><i class=\"awb-icon-spinner\" aria-hidden=\"true\"><\/i><\/div>\t\t\t<\/a>\n\t\t\t\t\t\t\t<\/div>\n<h4 class=\"fusion-carousel-title product-title\"><a href=\"https:\/\/bestelements.de\/es\/kaufen\/luftfilter-luftreiniger-onlineshop\/luftfilter-luftreiniger-mieten-be-air8-fuer-meetings-und-gruppentreffen\/\" target=\"_self\">Alquiler de purificador de aire con filtro de aire BE AIR8 para reuniones y encuentros grupales<\/a><\/h4><div class=\"fusion-carousel-meta\"><a href=\"https:\/\/bestelements.de\/es\/produkt-kategorie\/luftfilter-luftreiniger-onlineshop\/\" rel=\"tag\">Filtros de aire Compra y alquiler de purificadores de aire<\/a><span class=\"gtm4wp_productdata\" style=\"display:none; visibility:hidden;\" data-gtm4wp_product_data=\"{&quot;internal_id&quot;:1872,&quot;item_id&quot;:1872,&quot;item_name&quot;:&quot;Alquiler de purificador de aire con filtro de aire BE AIR8 para reuniones y encuentros grupales&quot;,&quot;sku&quot;:&quot;R110208rent&quot;,&quot;price&quot;:100,&quot;stocklevel&quot;:null,&quot;stockstatus&quot;:&quot;instock&quot;,&quot;google_business_vertical&quot;:&quot;retail&quot;,&quot;item_category&quot;:&quot;Filtros de aire Compra y alquiler de purificadores de aire&quot;,&quot;id&quot;:1872,&quot;item_brand&quot;:&quot;Filtros de aire Compra y alquiler de purificadores de aire&quot;,&quot;productlink&quot;:&quot;https:\\\/\\\/bestelements.de\\\/es\\\/kaufen\\\/luftfilter-luftreiniger-onlineshop\\\/luftfilter-luftreiniger-mieten-be-air8-fuer-meetings-und-gruppentreffen\\\/&quot;,&quot;item_list_name&quot;:&quot;Lista general de productos&quot;,&quot;index&quot;:0,&quot;product_type&quot;:&quot;simple&quot;}\"><\/span><div class=\"fusion-carousel-price\">\n\t<span class=\"price\"><span class=\"woocommerce-Price-amount amount\"><bdi>100,00&nbsp;<span class=\"woocommerce-Price-currencySymbol\">&euro;<\/span><\/bdi><\/span><\/span>\n<\/div><\/div><\/div><\/div><\/div><div class=\"swiper-slide\"><div class=\"fusion-classic-product-image-wrapper\"><div class=\"fusion-carousel-item-wrapper\"><div  class=\"fusion-image-wrapper\" aria-haspopup=\"true\">\n\t\t\t\t<div class=\"fusion-woo-badges-wrapper\">\n<\/div>\t\t\t<a href=\"https:\/\/bestelements.de\/es\/kaufen\/luftfilter-luftreiniger-onlineshop\/luftfilter-luftreiniger-beair4-zuhause\/\" aria-label=\"Purificador de aire BE AIR4 para el hogar\">\n\t\t\t\t\t\t\t<img decoding=\"async\" width=\"700\" height=\"700\" src=\"https:\/\/bestelements.de\/wp-content\/uploads\/2020\/11\/Luftfilter-BE-Air4-1.jpg\" class=\"attachment-full size-full lazyload wp-post-image\" alt=\"Luftfilter BE AIR4\" srcset=\"data:image\/svg+xml,%3Csvg%20xmlns%3D%27http%3A%2F%2Fwww.w3.org%2F2000%2Fsvg%27%20width%3D%27700%27%20height%3D%27700%27%20viewBox%3D%270%200%20700%20700%27%3E%3Crect%20width%3D%27700%27%20height%3D%27700%27%20fill-opacity%3D%220%22%2F%3E%3C%2Fsvg%3E\" data-orig-src=\"https:\/\/bestelements.de\/wp-content\/uploads\/2020\/11\/Luftfilter-BE-Air4-1.jpg\" data-srcset=\"https:\/\/bestelements.de\/wp-content\/uploads\/2020\/11\/Luftfilter-BE-Air4-1-200x200.jpg 200w, https:\/\/bestelements.de\/wp-content\/uploads\/2020\/11\/Luftfilter-BE-Air4-1-400x400.jpg 400w, https:\/\/bestelements.de\/wp-content\/uploads\/2020\/11\/Luftfilter-BE-Air4-1-600x600.jpg 600w, https:\/\/bestelements.de\/wp-content\/uploads\/2020\/11\/Luftfilter-BE-Air4-1.jpg 700w\" data-sizes=\"auto\" \/><div class=\"cart-loading\"><i class=\"awb-icon-spinner\" aria-hidden=\"true\"><\/i><\/div>\t\t\t<\/a>\n\t\t\t\t\t\t\t<\/div>\n<h4 class=\"fusion-carousel-title product-title\"><a href=\"https:\/\/bestelements.de\/es\/kaufen\/luftfilter-luftreiniger-onlineshop\/luftfilter-luftreiniger-beair4-zuhause\/\" target=\"_self\">Purificador de aire BE AIR4 para el hogar<\/a><\/h4><div class=\"fusion-carousel-meta\"><a href=\"https:\/\/bestelements.de\/es\/produkt-kategorie\/luftfilter-luftreiniger-onlineshop\/\" rel=\"tag\">Filtros de aire Compra y alquiler de purificadores de aire<\/a><span class=\"gtm4wp_productdata\" style=\"display:none; visibility:hidden;\" data-gtm4wp_product_data=\"{&quot;internal_id&quot;:1594,&quot;item_id&quot;:1594,&quot;item_name&quot;:&quot;Purificador de aire BE AIR4 para el hogar&quot;,&quot;sku&quot;:&quot;R110204&quot;,&quot;price&quot;:495,&quot;stocklevel&quot;:null,&quot;stockstatus&quot;:&quot;instock&quot;,&quot;google_business_vertical&quot;:&quot;retail&quot;,&quot;item_category&quot;:&quot;Filtros de aire Compra y alquiler de purificadores de aire&quot;,&quot;id&quot;:1594,&quot;item_brand&quot;:&quot;Filtros de aire Compra y alquiler de purificadores de aire&quot;,&quot;productlink&quot;:&quot;https:\\\/\\\/bestelements.de\\\/es\\\/kaufen\\\/luftfilter-luftreiniger-onlineshop\\\/luftfilter-luftreiniger-beair4-zuhause\\\/&quot;,&quot;item_list_name&quot;:&quot;Lista general de productos&quot;,&quot;index&quot;:0,&quot;product_type&quot;:&quot;simple&quot;}\"><\/span><div class=\"fusion-carousel-price\">\n\t<span class=\"price\"><span class=\"woocommerce-Price-amount amount\"><bdi>495,00&nbsp;<span class=\"woocommerce-Price-currencySymbol\">&euro;<\/span><\/bdi><\/span><\/span>\n<\/div><\/div><\/div><\/div><\/div><div class=\"swiper-slide\"><div class=\"fusion-classic-product-image-wrapper\"><div class=\"fusion-carousel-item-wrapper\"><div  class=\"fusion-image-wrapper\" aria-haspopup=\"true\">\n\t\t\t\t<div class=\"fusion-woo-badges-wrapper\">\n<\/div>\t\t\t<a href=\"https:\/\/bestelements.de\/es\/kaufen\/luftfilter-luftreiniger-onlineshop\/zu-mieten-activepure-luftreiniger-beyond-fuer-ihre-veranstaltung\/\" aria-label=\"En alquiler: purificador de aire ActivePure\u00ae BEYOND para su evento\">\n\t\t\t\t\t\t\t<img decoding=\"async\" width=\"700\" height=\"700\" src=\"https:\/\/bestelements.de\/wp-content\/uploads\/Luftreiniger-Beyond-ActivePure-mieten.jpg\" class=\"attachment-full size-full lazyload wp-post-image\" alt=\"Luftreiniger Beyond ActivePure mieten\" srcset=\"data:image\/svg+xml,%3Csvg%20xmlns%3D%27http%3A%2F%2Fwww.w3.org%2F2000%2Fsvg%27%20width%3D%27700%27%20height%3D%27700%27%20viewBox%3D%270%200%20700%20700%27%3E%3Crect%20width%3D%27700%27%20height%3D%27700%27%20fill-opacity%3D%220%22%2F%3E%3C%2Fsvg%3E\" data-orig-src=\"https:\/\/bestelements.de\/wp-content\/uploads\/Luftreiniger-Beyond-ActivePure-mieten.jpg\" data-srcset=\"https:\/\/bestelements.de\/wp-content\/uploads\/Luftreiniger-Beyond-ActivePure-mieten-200x200.jpg 200w, https:\/\/bestelements.de\/wp-content\/uploads\/Luftreiniger-Beyond-ActivePure-mieten-400x400.jpg 400w, https:\/\/bestelements.de\/wp-content\/uploads\/Luftreiniger-Beyond-ActivePure-mieten-600x600.jpg 600w, https:\/\/bestelements.de\/wp-content\/uploads\/Luftreiniger-Beyond-ActivePure-mieten.jpg 700w\" data-sizes=\"auto\" \/><div class=\"cart-loading\"><i class=\"awb-icon-spinner\" aria-hidden=\"true\"><\/i><\/div>\t\t\t<\/a>\n\t\t\t\t\t\t\t<\/div>\n<h4 class=\"fusion-carousel-title product-title\"><a href=\"https:\/\/bestelements.de\/es\/kaufen\/luftfilter-luftreiniger-onlineshop\/zu-mieten-activepure-luftreiniger-beyond-fuer-ihre-veranstaltung\/\" target=\"_self\">En alquiler: purificador de aire ActivePure\u00ae BEYOND para su evento<\/a><\/h4><div class=\"fusion-carousel-meta\"><a href=\"https:\/\/bestelements.de\/es\/produkt-kategorie\/luftfilter-luftreiniger-onlineshop\/\" rel=\"tag\">Filtros de aire Compra y alquiler de purificadores de aire<\/a><span class=\"gtm4wp_productdata\" style=\"display:none; visibility:hidden;\" data-gtm4wp_product_data=\"{&quot;internal_id&quot;:18114,&quot;item_id&quot;:18114,&quot;item_name&quot;:&quot;En alquiler: purificador de aire ActivePure\\u00ae BEYOND para su evento&quot;,&quot;sku&quot;:&quot;R110204rent-1&quot;,&quot;price&quot;:291.55,&quot;stocklevel&quot;:null,&quot;stockstatus&quot;:&quot;instock&quot;,&quot;google_business_vertical&quot;:&quot;retail&quot;,&quot;item_category&quot;:&quot;Filtros de aire Compra y alquiler de purificadores de aire&quot;,&quot;id&quot;:18114,&quot;item_brand&quot;:&quot;Filtros de aire Compra y alquiler de purificadores de aire&quot;,&quot;productlink&quot;:&quot;https:\\\/\\\/bestelements.de\\\/es\\\/kaufen\\\/luftfilter-luftreiniger-onlineshop\\\/zu-mieten-activepure-luftreiniger-beyond-fuer-ihre-veranstaltung\\\/&quot;,&quot;item_list_name&quot;:&quot;Lista general de productos&quot;,&quot;index&quot;:0,&quot;product_type&quot;:&quot;simple&quot;}\"><\/span><div class=\"fusion-carousel-price\">\n\t<span class=\"price\"><span class=\"woocommerce-Price-amount amount\"><bdi>291,55&nbsp;<span class=\"woocommerce-Price-currencySymbol\">&euro;<\/span><\/bdi><\/span><\/span>\n<\/div><\/div><\/div><\/div><\/div><div class=\"swiper-slide\"><div class=\"fusion-classic-product-image-wrapper\"><div class=\"fusion-carousel-item-wrapper\"><div  class=\"fusion-image-wrapper\" aria-haspopup=\"true\">\n\t\t\t\t<div class=\"fusion-woo-badges-wrapper\">\n<\/div>\t\t\t<a href=\"https:\/\/bestelements.de\/es\/kaufen\/luftfilter-luftreiniger-onlineshop\/messgeraet-luftqualitaet-oeffentliche-einrichtungen\/\" aria-label=\"Dispositivo de medici\u00f3n de la calidad del aire en instalaciones p\u00fablicas\">\n\t\t\t\t\t\t\t<img decoding=\"async\" width=\"700\" height=\"700\" src=\"https:\/\/bestelements.de\/wp-content\/uploads\/Luftqualitaet-Messgeraet.jpg\" class=\"attachment-full size-full lazyload wp-post-image\" alt=\"Luftqualit\u00e4t-Messger\u00e4t\" srcset=\"data:image\/svg+xml,%3Csvg%20xmlns%3D%27http%3A%2F%2Fwww.w3.org%2F2000%2Fsvg%27%20width%3D%27700%27%20height%3D%27700%27%20viewBox%3D%270%200%20700%20700%27%3E%3Crect%20width%3D%27700%27%20height%3D%27700%27%20fill-opacity%3D%220%22%2F%3E%3C%2Fsvg%3E\" data-orig-src=\"https:\/\/bestelements.de\/wp-content\/uploads\/Luftqualitaet-Messgeraet.jpg\" data-srcset=\"https:\/\/bestelements.de\/wp-content\/uploads\/Luftqualitaet-Messgeraet-200x200.jpg 200w, https:\/\/bestelements.de\/wp-content\/uploads\/Luftqualitaet-Messgeraet-400x400.jpg 400w, https:\/\/bestelements.de\/wp-content\/uploads\/Luftqualitaet-Messgeraet-600x600.jpg 600w, https:\/\/bestelements.de\/wp-content\/uploads\/Luftqualitaet-Messgeraet.jpg 700w\" data-sizes=\"auto\" \/><div class=\"cart-loading\"><i class=\"awb-icon-spinner\" aria-hidden=\"true\"><\/i><\/div>\t\t\t<\/a>\n\t\t\t\t\t\t\t<\/div>\n<h4 class=\"fusion-carousel-title product-title\"><a href=\"https:\/\/bestelements.de\/es\/kaufen\/luftfilter-luftreiniger-onlineshop\/messgeraet-luftqualitaet-oeffentliche-einrichtungen\/\" target=\"_self\">Dispositivo de medici\u00f3n de la calidad del aire en instalaciones p\u00fablicas<\/a><\/h4><div class=\"fusion-carousel-meta\"><a href=\"https:\/\/bestelements.de\/es\/produkt-kategorie\/luftfilter-luftreiniger-onlineshop\/\" rel=\"tag\">Filtros de aire Compra y alquiler de purificadores de aire<\/a>, <a href=\"https:\/\/bestelements.de\/es\/produkt-kategorie\/messgeraete-luftqualitaet\/\" rel=\"tag\">Dispositivos para medir y comprobar la calidad del aire<\/a><span class=\"gtm4wp_productdata\" style=\"display:none; visibility:hidden;\" data-gtm4wp_product_data=\"{&quot;internal_id&quot;:5024,&quot;item_id&quot;:5024,&quot;item_name&quot;:&quot;Dispositivo de medici\\u00f3n de la calidad del aire en instalaciones p\\u00fablicas&quot;,&quot;sku&quot;:&quot;BEAirPoint Messger\\u00e4t 101&quot;,&quot;price&quot;:179,&quot;stocklevel&quot;:null,&quot;stockstatus&quot;:&quot;instock&quot;,&quot;google_business_vertical&quot;:&quot;retail&quot;,&quot;item_category&quot;:&quot;Filtros de aire Compra y alquiler de purificadores de aire&quot;,&quot;id&quot;:5024,&quot;item_brand&quot;:&quot;Filtros de aire Compra y alquiler de purificadores de aire&quot;,&quot;productlink&quot;:&quot;https:\\\/\\\/bestelements.de\\\/es\\\/kaufen\\\/luftfilter-luftreiniger-onlineshop\\\/messgeraet-luftqualitaet-oeffentliche-einrichtungen\\\/&quot;,&quot;item_list_name&quot;:&quot;Lista general de productos&quot;,&quot;index&quot;:0,&quot;product_type&quot;:&quot;simple&quot;}\"><\/span><div class=\"fusion-carousel-price\">\n\t<span class=\"price\"><span class=\"woocommerce-Price-amount amount\"><bdi>179,00&nbsp;<span class=\"woocommerce-Price-currencySymbol\">&euro;<\/span><\/bdi><\/span><\/span>\n<\/div><\/div><\/div><\/div><\/div><div class=\"swiper-slide\"><div class=\"fusion-classic-product-image-wrapper\"><div class=\"fusion-carousel-item-wrapper\"><div  class=\"fusion-image-wrapper\" aria-haspopup=\"true\">\n\t\t\t\t<div class=\"fusion-woo-badges-wrapper\">\n<\/div>\t\t\t<a href=\"https:\/\/bestelements.de\/es\/kaufen\/luftfilter-luftreiniger-onlineshop\/luftfilter-luftreiniger-be-air8-fuer-buero-gruppen-und-meetings\/\" aria-label=\"Purificador de aire BE AIR8 para oficina grupos reuniones\">\n\t\t\t\t\t\t\t<img decoding=\"async\" width=\"700\" height=\"700\" src=\"https:\/\/bestelements.de\/wp-content\/uploads\/2020\/11\/Luftfilter-BE-Air8.jpg\" class=\"attachment-full size-full lazyload wp-post-image\" alt=\"Luftfilter BE AIR8\" srcset=\"data:image\/svg+xml,%3Csvg%20xmlns%3D%27http%3A%2F%2Fwww.w3.org%2F2000%2Fsvg%27%20width%3D%27700%27%20height%3D%27700%27%20viewBox%3D%270%200%20700%20700%27%3E%3Crect%20width%3D%27700%27%20height%3D%27700%27%20fill-opacity%3D%220%22%2F%3E%3C%2Fsvg%3E\" data-orig-src=\"https:\/\/bestelements.de\/wp-content\/uploads\/2020\/11\/Luftfilter-BE-Air8.jpg\" data-srcset=\"https:\/\/bestelements.de\/wp-content\/uploads\/2020\/11\/Luftfilter-BE-Air8-200x200.jpg 200w, https:\/\/bestelements.de\/wp-content\/uploads\/2020\/11\/Luftfilter-BE-Air8-400x400.jpg 400w, https:\/\/bestelements.de\/wp-content\/uploads\/2020\/11\/Luftfilter-BE-Air8-600x600.jpg 600w, https:\/\/bestelements.de\/wp-content\/uploads\/2020\/11\/Luftfilter-BE-Air8.jpg 700w\" data-sizes=\"auto\" \/><div class=\"cart-loading\"><i class=\"awb-icon-spinner\" aria-hidden=\"true\"><\/i><\/div>\t\t\t<\/a>\n\t\t\t\t\t\t\t<\/div>\n<h4 class=\"fusion-carousel-title product-title\"><a href=\"https:\/\/bestelements.de\/es\/kaufen\/luftfilter-luftreiniger-onlineshop\/luftfilter-luftreiniger-be-air8-fuer-buero-gruppen-und-meetings\/\" target=\"_self\">Purificador de aire BE AIR8 para oficina grupos reuniones<\/a><\/h4><div class=\"fusion-carousel-meta\"><a href=\"https:\/\/bestelements.de\/es\/produkt-kategorie\/luftfilter-luftreiniger-onlineshop\/\" rel=\"tag\">Filtros de aire Compra y alquiler de purificadores de aire<\/a><span class=\"gtm4wp_productdata\" style=\"display:none; visibility:hidden;\" data-gtm4wp_product_data=\"{&quot;internal_id&quot;:1790,&quot;item_id&quot;:1790,&quot;item_name&quot;:&quot;Purificador de aire BE AIR8 para oficina grupos reuniones&quot;,&quot;sku&quot;:&quot;R110208&quot;,&quot;price&quot;:895,&quot;stocklevel&quot;:null,&quot;stockstatus&quot;:&quot;instock&quot;,&quot;google_business_vertical&quot;:&quot;retail&quot;,&quot;item_category&quot;:&quot;Filtros de aire Compra y alquiler de purificadores de aire&quot;,&quot;id&quot;:1790,&quot;item_brand&quot;:&quot;Filtros de aire Compra y alquiler de purificadores de aire&quot;,&quot;productlink&quot;:&quot;https:\\\/\\\/bestelements.de\\\/es\\\/kaufen\\\/luftfilter-luftreiniger-onlineshop\\\/luftfilter-luftreiniger-be-air8-fuer-buero-gruppen-und-meetings\\\/&quot;,&quot;item_list_name&quot;:&quot;Lista general de productos&quot;,&quot;index&quot;:0,&quot;product_type&quot;:&quot;simple&quot;}\"><\/span><div class=\"fusion-carousel-price\">\n\t<span class=\"price\"><span class=\"woocommerce-Price-amount amount\"><bdi>895,00&nbsp;<span class=\"woocommerce-Price-currencySymbol\">&euro;<\/span><\/bdi><\/span><\/span>\n<\/div><\/div><\/div><\/div><\/div><div class=\"swiper-slide\"><div class=\"fusion-classic-product-image-wrapper\"><div class=\"fusion-carousel-item-wrapper\"><div  class=\"fusion-image-wrapper\" aria-haspopup=\"true\">\n\t\t\t\t<div class=\"fusion-woo-badges-wrapper\">\n<\/div>\t\t\t<a href=\"https:\/\/bestelements.de\/es\/kaufen\/luftfilter-luftreiniger-onlineshop\/luftfilter-luftreiniger-be-air6-fuer-zuhause-und-buero\/\" aria-label=\"(Deutsch) Luftfilter Luftreiniger BE AIR6 f\u00fcr Zuhause und B\u00fcro\">\n\t\t\t\t\t\t\t<img decoding=\"async\" width=\"700\" height=\"700\" src=\"https:\/\/bestelements.de\/wp-content\/uploads\/2020\/11\/Luftfilter-BE-Air6.jpg\" class=\"attachment-full size-full lazyload wp-post-image\" alt=\"Luftfilter BE AIR6\" srcset=\"data:image\/svg+xml,%3Csvg%20xmlns%3D%27http%3A%2F%2Fwww.w3.org%2F2000%2Fsvg%27%20width%3D%27700%27%20height%3D%27700%27%20viewBox%3D%270%200%20700%20700%27%3E%3Crect%20width%3D%27700%27%20height%3D%27700%27%20fill-opacity%3D%220%22%2F%3E%3C%2Fsvg%3E\" data-orig-src=\"https:\/\/bestelements.de\/wp-content\/uploads\/2020\/11\/Luftfilter-BE-Air6.jpg\" data-srcset=\"https:\/\/bestelements.de\/wp-content\/uploads\/2020\/11\/Luftfilter-BE-Air6-200x200.jpg 200w, https:\/\/bestelements.de\/wp-content\/uploads\/2020\/11\/Luftfilter-BE-Air6-400x400.jpg 400w, https:\/\/bestelements.de\/wp-content\/uploads\/2020\/11\/Luftfilter-BE-Air6-600x600.jpg 600w, https:\/\/bestelements.de\/wp-content\/uploads\/2020\/11\/Luftfilter-BE-Air6.jpg 700w\" data-sizes=\"auto\" \/><div class=\"cart-loading\"><i class=\"awb-icon-spinner\" aria-hidden=\"true\"><\/i><\/div>\t\t\t<\/a>\n\t\t\t\t\t\t\t<\/div>\n<h4 class=\"fusion-carousel-title product-title\"><a href=\"https:\/\/bestelements.de\/es\/kaufen\/luftfilter-luftreiniger-onlineshop\/luftfilter-luftreiniger-be-air6-fuer-zuhause-und-buero\/\" target=\"_self\">(Deutsch) Luftfilter Luftreiniger BE AIR6 f\u00fcr Zuhause und B\u00fcro<\/a><\/h4><div class=\"fusion-carousel-meta\"><a href=\"https:\/\/bestelements.de\/es\/produkt-kategorie\/luftfilter-luftreiniger-onlineshop\/\" rel=\"tag\">Filtros de aire Compra y alquiler de purificadores de aire<\/a><span class=\"gtm4wp_productdata\" style=\"display:none; visibility:hidden;\" data-gtm4wp_product_data=\"{&quot;internal_id&quot;:1776,&quot;item_id&quot;:1776,&quot;item_name&quot;:&quot;(Deutsch) Luftfilter Luftreiniger BE AIR6 f\\u00fcr Zuhause und B\\u00fcro&quot;,&quot;sku&quot;:&quot;R110206&quot;,&quot;price&quot;:0,&quot;stocklevel&quot;:null,&quot;stockstatus&quot;:&quot;instock&quot;,&quot;google_business_vertical&quot;:&quot;retail&quot;,&quot;item_category&quot;:&quot;Filtros de aire Compra y alquiler de purificadores de aire&quot;,&quot;id&quot;:1776,&quot;item_brand&quot;:&quot;Filtros de aire Compra y alquiler de purificadores de aire&quot;,&quot;productlink&quot;:&quot;https:\\\/\\\/bestelements.de\\\/es\\\/kaufen\\\/luftfilter-luftreiniger-onlineshop\\\/luftfilter-luftreiniger-be-air6-fuer-zuhause-und-buero\\\/&quot;,&quot;item_list_name&quot;:&quot;Lista general de productos&quot;,&quot;index&quot;:0,&quot;product_type&quot;:&quot;simple&quot;}\"><\/span><div class=\"fusion-carousel-price\">\n<\/div><\/div><\/div><\/div><\/div><div class=\"swiper-slide\"><div class=\"fusion-classic-product-image-wrapper\"><div class=\"fusion-carousel-item-wrapper\"><div  class=\"fusion-image-wrapper\" aria-haspopup=\"true\">\n\t\t\t\t<div class=\"fusion-woo-badges-wrapper\">\n<\/div>\t\t\t<a href=\"https:\/\/bestelements.de\/es\/kaufen\/activepure-medical-air-purifier\/medizinische-luftreiniger-gegen-viren-new-generation-beyond-guardian-air\/\" aria-label=\"Purificador de aire ActivePure\u00ae BEYOND GUARDIAN AIR con tecnolog\u00eda antivirus\">\n\t\t\t\t\t\t\t<img decoding=\"async\" width=\"700\" height=\"700\" src=\"https:\/\/bestelements.de\/wp-content\/uploads\/ActivePure-BestElements-Beyond-Luftreiniger-Filtergeraet.jpg\" class=\"attachment-full size-full lazyload wp-post-image\" alt=\"ActivePure\u00ae BestElements Beyond medizinischer Luftreiniger Filterger\u00e4t\" srcset=\"data:image\/svg+xml,%3Csvg%20xmlns%3D%27http%3A%2F%2Fwww.w3.org%2F2000%2Fsvg%27%20width%3D%27700%27%20height%3D%27700%27%20viewBox%3D%270%200%20700%20700%27%3E%3Crect%20width%3D%27700%27%20height%3D%27700%27%20fill-opacity%3D%220%22%2F%3E%3C%2Fsvg%3E\" data-orig-src=\"https:\/\/bestelements.de\/wp-content\/uploads\/ActivePure-BestElements-Beyond-Luftreiniger-Filtergeraet.jpg\" data-srcset=\"https:\/\/bestelements.de\/wp-content\/uploads\/ActivePure-BestElements-Beyond-Luftreiniger-Filtergeraet-200x200.jpg 200w, https:\/\/bestelements.de\/wp-content\/uploads\/ActivePure-BestElements-Beyond-Luftreiniger-Filtergeraet-400x400.jpg 400w, https:\/\/bestelements.de\/wp-content\/uploads\/ActivePure-BestElements-Beyond-Luftreiniger-Filtergeraet-600x600.jpg 600w, https:\/\/bestelements.de\/wp-content\/uploads\/ActivePure-BestElements-Beyond-Luftreiniger-Filtergeraet.jpg 700w\" data-sizes=\"auto\" \/><div class=\"cart-loading\"><i class=\"awb-icon-spinner\" aria-hidden=\"true\"><\/i><\/div>\t\t\t<\/a>\n\t\t\t\t\t\t\t<\/div>\n<h4 class=\"fusion-carousel-title product-title\"><a href=\"https:\/\/bestelements.de\/es\/kaufen\/activepure-medical-air-purifier\/medizinische-luftreiniger-gegen-viren-new-generation-beyond-guardian-air\/\" target=\"_self\">Purificador de aire ActivePure\u00ae BEYOND GUARDIAN AIR con tecnolog\u00eda antivirus<\/a><\/h4><div class=\"fusion-carousel-meta\"><a href=\"https:\/\/bestelements.de\/es\/produkt-kategorie\/activepure-medical-air-purifier\/\" rel=\"tag\">Purificadores de aire m\u00e9dicos ActivePure\u00ae<\/a><span class=\"gtm4wp_productdata\" style=\"display:none; visibility:hidden;\" data-gtm4wp_product_data=\"{&quot;internal_id&quot;:13234,&quot;item_id&quot;:13234,&quot;item_name&quot;:&quot;Purificador de aire ActivePure\\u00ae BEYOND GUARDIAN AIR con tecnolog\\u00eda antivirus&quot;,&quot;sku&quot;:13234,&quot;price&quot;:0,&quot;stocklevel&quot;:null,&quot;stockstatus&quot;:&quot;instock&quot;,&quot;google_business_vertical&quot;:&quot;retail&quot;,&quot;item_category&quot;:&quot;Purificadores de aire m\\u00e9dicos ActivePure\\u00ae&quot;,&quot;id&quot;:13234,&quot;item_brand&quot;:&quot;Purificadores de aire m\\u00e9dicos ActivePure\\u00ae&quot;,&quot;productlink&quot;:&quot;https:\\\/\\\/bestelements.de\\\/es\\\/kaufen\\\/activepure-medical-air-purifier\\\/medizinische-luftreiniger-gegen-viren-new-generation-beyond-guardian-air\\\/&quot;,&quot;item_list_name&quot;:&quot;Lista general de productos&quot;,&quot;index&quot;:0,&quot;product_type&quot;:&quot;simple&quot;}\"><\/span><div class=\"fusion-carousel-price\">\n<\/div><\/div><\/div><\/div><\/div><\/div><div class=\"awb-swiper-button awb-swiper-button-prev\"><i class=\"awb-icon-angle-left\" aria-hidden=\"true\"><\/i><\/div><div class=\"awb-swiper-button awb-swiper-button-next\"><i class=\"awb-icon-angle-right\" aria-hidden=\"true\"><\/i><\/div><\/div><\/div><\/div><\/div><\/div><\/div>\n<\/p>","protected":false},"excerpt":{"rendered":"","protected":false},"author":1,"featured_media":28126,"comment_status":"closed","ping_status":"closed","sticky":false,"template":"","format":"standard","meta":{"footnotes":""},"categories":[45,241,131],"tags":[],"class_list":["post-28124","post","type-post","status-publish","format-standard","has-post-thumbnail","hentry","category-luftfilter","category-activepure-medizinische-luftreiniger","category-leise-luftfilter"],"_links":{"self":[{"href":"https:\/\/bestelements.de\/es\/wp-json\/wp\/v2\/posts\/28124","targetHints":{"allow":["GET"]}}],"collection":[{"href":"https:\/\/bestelements.de\/es\/wp-json\/wp\/v2\/posts"}],"about":[{"href":"https:\/\/bestelements.de\/es\/wp-json\/wp\/v2\/types\/post"}],"author":[{"embeddable":true,"href":"https:\/\/bestelements.de\/es\/wp-json\/wp\/v2\/users\/1"}],"replies":[{"embeddable":true,"href":"https:\/\/bestelements.de\/es\/wp-json\/wp\/v2\/comments?post=28124"}],"version-history":[{"count":0,"href":"https:\/\/bestelements.de\/es\/wp-json\/wp\/v2\/posts\/28124\/revisions"}],"wp:featuredmedia":[{"embeddable":true,"href":"https:\/\/bestelements.de\/es\/wp-json\/wp\/v2\/media\/28126"}],"wp:attachment":[{"href":"https:\/\/bestelements.de\/es\/wp-json\/wp\/v2\/media?parent=28124"}],"wp:term":[{"taxonomy":"category","embeddable":true,"href":"https:\/\/bestelements.de\/es\/wp-json\/wp\/v2\/categories?post=28124"},{"taxonomy":"post_tag","embeddable":true,"href":"https:\/\/bestelements.de\/es\/wp-json\/wp\/v2\/tags?post=28124"}],"curies":[{"name":"wp","href":"https:\/\/api.w.org\/{rel}","templated":true}]}}