{"id":19135,"date":"2023-01-18T14:13:56","date_gmt":"2023-01-18T13:13:56","guid":{"rendered":"https:\/\/bestelements.de\/?p=19135"},"modified":"2023-02-21T17:31:39","modified_gmt":"2023-02-21T16:31:39","slug":"stresstest-alterungstest-freie-radikale-selbsttest","status":"publish","type":"post","link":"https:\/\/bestelements.de\/es\/teststreifen\/stresstest-alterungstest-freie-radikale-selbsttest\/","title":{"rendered":"Prueba de estr\u00e9s de prueba de envejecimiento de radicales libres"},"content":{"rendered":"<p><div class=\"fusion-fullwidth fullwidth-box fusion-builder-row-5 fusion-flex-container has-pattern-background has-mask-background nonhundred-percent-fullwidth non-hundred-percent-height-scrolling\" style=\"--awb-border-radius-top-left:0px;--awb-border-radius-top-right:0px;--awb-border-radius-bottom-right:0px;--awb-border-radius-bottom-left:0px;--awb-flex-wrap:wrap;\" ><div class=\"fusion-builder-row fusion-row fusion-flex-align-items-flex-start fusion-flex-content-wrap\" style=\"max-width:1185.6px;margin-left: calc(-4% \/ 2 );margin-right: calc(-4% \/ 2 );\"><div class=\"fusion-layout-column fusion_builder_column fusion-builder-column-8 fusion_builder_column_1_1 1_1 fusion-flex-column\" style=\"--awb-bg-size:cover;--awb-width-large:100%;--awb-margin-top-large:0px;--awb-spacing-right-large:1.92%;--awb-margin-bottom-large:20px;--awb-spacing-left-large:1.92%;--awb-width-medium:100%;--awb-order-medium:0;--awb-spacing-right-medium:1.92%;--awb-spacing-left-medium:1.92%;--awb-width-small:100%;--awb-order-small:0;--awb-spacing-right-small:1.92%;--awb-spacing-left-small:1.92%;\"><div class=\"fusion-column-wrapper fusion-column-has-shadow fusion-flex-justify-content-flex-start fusion-content-layout-column\"><div class=\"fusion-title title fusion-title-9 fusion-sep-none fusion-title-center fusion-title-text fusion-title-size-one\" style=\"--awb-margin-top-small:10px;--awb-margin-right-small:0px;--awb-margin-bottom-small:10px;--awb-margin-left-small:0px;\"><h1 class=\"fusion-title-heading title-heading-center fusion-responsive-typography-calculated\" style=\"margin:0;--fontSize:48;line-height:1.13;\">Envejecimiento y radicales libres relacionados<\/h1><\/div><div class=\"fusion-title title fusion-title-10 fusion-sep-none fusion-title-center fusion-title-text fusion-title-size-two\" style=\"--awb-margin-top-small:10px;--awb-margin-right-small:0px;--awb-margin-bottom-small:10px;--awb-margin-left-small:0px;\"><h2 class=\"fusion-title-heading title-heading-center fusion-responsive-typography-calculated\" style=\"margin:0;--fontSize:27.2;line-height:1.13;\">Prueba de estr\u00e9s: Una autoevaluaci\u00f3n aporta claridad<\/h2><\/div><div class=\"fusion-text fusion-text-7\"><p>Los radicales libres son el modelo explicativo del envejecimiento de todos los organismos. Seg\u00fan la teor\u00eda de Harman, los radicales libres son los causantes del proceso de envejecimiento de nuestras c\u00e9lulas. En relaci\u00f3n con los radicales libres, tambi\u00e9n se pueden extraer conclusiones cient\u00edficas sobre el desarrollo de una serie de enfermedades como el c\u00e1ncer, la arterioesclerosis, la diabetes mellitus o el Alzheimer. Como desarrollo adicional y en confirmaci\u00f3n, se desarroll\u00f3 la teor\u00eda del envejecimiento mitocondrial.<\/p>\n<p>Los radicales libres son residuos de nuestro metabolismo y balance energ\u00e9tico, se asientan en nuestras c\u00e9lulas en las mitocondrias &#8211; las centrales energ\u00e9ticas de nuestro cuerpo &#8211; y como \u00abdesechos\u00bb complican nuestro metabolismo energ\u00e9tico. Las consecuencias son fatiga, cansancio excesivo, envejecimiento prematuro y enfermedades. La formaci\u00f3n de radicales libres se ve favorecida por el estr\u00e9s, el ajetreo, la alimentaci\u00f3n poco saludable, el consumo de alcohol, el humo del cigarrillo y la insuficiencia de micronutrientes. Los contaminantes ambientales, los gases de escape o el exceso de radiaci\u00f3n UV promueven el exceso de radicales libres y contribuyen as\u00ed a la formaci\u00f3n de da\u00f1os en la piel, impurezas, envejecimiento prematuro de la piel, sequedad de la piel o reacciones inflamatorias.<\/p>\n<p><strong>\u00bfCu\u00e1l es su estado actual? Desc\u00fabrelo con un test r\u00e1pido en casa para reaccionar antes de que sea demasiado tarde.<\/strong><\/p>\n<\/div><div class=\"fusion-alert alert error alert-danger fusion-alert-center awb-alert-native-link-color\" role=\"alert\"><div class=\"fusion-alert-content-wrapper\"><span class=\"alert-icon\"><i class=\"awb-icon-exclamation-triangle\" aria-hidden=\"true\"><\/i><\/span><span class=\"fusion-alert-content\">\u00a1Si quieres actuar contra los signos del envejecimiento y el agotamiento, debes conocer el estado actual de los radicales libres en tu cuerpo!<\/span><\/div><\/div><div class=\"fusion-title title fusion-title-11 fusion-sep-none fusion-title-center fusion-title-text fusion-title-size-two\" style=\"--awb-margin-top-small:10px;--awb-margin-right-small:0px;--awb-margin-bottom-small:10px;--awb-margin-left-small:0px;\"><h2 class=\"fusion-title-heading title-heading-center fusion-responsive-typography-calculated\" style=\"margin:0;--fontSize:27.2;line-height:1.13;\">Realice usted mismo una prueba de radicales libres en casa en minutos<\/h2><\/div><\/div><\/div><div class=\"fusion-layout-column fusion_builder_column fusion-builder-column-9 fusion_builder_column_2_3 2_3 fusion-flex-column\" style=\"--awb-bg-size:cover;--awb-width-large:66.666666666667%;--awb-margin-top-large:0px;--awb-spacing-right-large:2.88%;--awb-margin-bottom-large:20px;--awb-spacing-left-large:2.88%;--awb-width-medium:100%;--awb-order-medium:0;--awb-spacing-right-medium:1.92%;--awb-spacing-left-medium:1.92%;--awb-width-small:100%;--awb-order-small:0;--awb-spacing-right-small:1.92%;--awb-spacing-left-small:1.92%;\"><div class=\"fusion-column-wrapper fusion-column-has-shadow fusion-flex-justify-content-flex-start fusion-content-layout-column\"><div class=\"fusion-text fusion-text-8\"><p>Si conoce el valor actual, puede tomar medidas espec\u00edficas y contrarrestar los signos prematuros del envejecimiento con las medidas adecuadas. Con el kit de prueba de prueba de edad, recibir\u00e1 varias tiras reactivas, instrucciones espec\u00edficas y soluciones de acuerdo con el resultado de su prueba.<\/p>\n<\/div><div class=\"fusion-text fusion-text-9\"><ul>\n<li>Controla los radicales libres en tu cuerpo<\/li>\n<li>La causa del envejecimiento<\/li>\n<li>Base para una piel, cabello y \u00f3rganos sanos<\/li>\n<li>Para hombre y mujer<\/li>\n<\/ul>\n<\/div><div style=\"text-align:center;\"><a class=\"fusion-button button-flat fusion-button-default-size button-default fusion-button-default button-3 fusion-button-default-span fusion-button-default-type\" target=\"_self\" href=\"https:\/\/bestelements.de\/es\/kaufen\/test-freie-radikale\/alterung-test-freie-radikale\/\"><span class=\"fusion-button-text awb-button__text awb-button__text--default\">Prueba de envejecimiento \/ Prueba de radicales libres<\/span><\/a><\/div><\/div><\/div><div class=\"fusion-layout-column fusion_builder_column fusion-builder-column-10 fusion_builder_column_1_3 1_3 fusion-flex-column\" style=\"--awb-bg-size:cover;--awb-width-large:33.333333333333%;--awb-margin-top-large:0px;--awb-spacing-right-large:5.76%;--awb-margin-bottom-large:20px;--awb-spacing-left-large:5.76%;--awb-width-medium:100%;--awb-order-medium:0;--awb-spacing-right-medium:1.92%;--awb-spacing-left-medium:1.92%;--awb-width-small:100%;--awb-order-small:0;--awb-spacing-right-small:1.92%;--awb-spacing-left-small:1.92%;\"><div class=\"fusion-column-wrapper fusion-column-has-shadow fusion-flex-justify-content-flex-start fusion-content-layout-column\"><div class=\"fusion-image-element \" style=\"text-align:center;--awb-max-width:250px;--awb-caption-title-font-family:var(--h2_typography-font-family);--awb-caption-title-font-weight:var(--h2_typography-font-weight);--awb-caption-title-font-style:var(--h2_typography-font-style);--awb-caption-title-size:var(--h2_typography-font-size);--awb-caption-title-transform:var(--h2_typography-text-transform);--awb-caption-title-line-height:var(--h2_typography-line-height);--awb-caption-title-letter-spacing:var(--h2_typography-letter-spacing);\"><span class=\" fusion-imageframe imageframe-none imageframe-5 hover-type-none rund\"><a class=\"fusion-no-lightbox\" href=\"https:\/\/bestelements.de\/es\/kaufen\/test-freie-radikale\/alterung-test-freie-radikale\/\" target=\"_self\" aria-label=\"Frau Gesicht Alterserscheinungen\"><img decoding=\"async\" width=\"350\" height=\"350\" alt=\"Frau Gesicht Alterserscheinungen\" src=\"https:\/\/bestelements.de\/wp-content\/uploads\/Frau-Gesicht-Alterserscheinungen.jpg\" data-orig-src=\"https:\/\/bestelements.de\/wp-content\/uploads\/Frau-Gesicht-Alterserscheinungen.jpg\" class=\"lazyload img-responsive wp-image-19176\" srcset=\"data:image\/svg+xml,%3Csvg%20xmlns%3D%27http%3A%2F%2Fwww.w3.org%2F2000%2Fsvg%27%20width%3D%27350%27%20height%3D%27350%27%20viewBox%3D%270%200%20350%20350%27%3E%3Crect%20width%3D%27350%27%20height%3D%27350%27%20fill-opacity%3D%220%22%2F%3E%3C%2Fsvg%3E\" data-srcset=\"https:\/\/bestelements.de\/wp-content\/uploads\/Frau-Gesicht-Alterserscheinungen-200x200.jpg 200w, https:\/\/bestelements.de\/wp-content\/uploads\/Frau-Gesicht-Alterserscheinungen.jpg 350w\" data-sizes=\"auto\" data-orig-sizes=\"(max-width: 1024px) 100vw, (max-width: 640px) 100vw, 350px\" \/><\/a><\/span><\/div><div class=\"fusion-image-element \" style=\"text-align:center;--awb-max-width:250px;--awb-caption-title-font-family:var(--h2_typography-font-family);--awb-caption-title-font-weight:var(--h2_typography-font-weight);--awb-caption-title-font-style:var(--h2_typography-font-style);--awb-caption-title-size:var(--h2_typography-font-size);--awb-caption-title-transform:var(--h2_typography-text-transform);--awb-caption-title-line-height:var(--h2_typography-line-height);--awb-caption-title-letter-spacing:var(--h2_typography-letter-spacing);\"><span class=\" fusion-imageframe imageframe-none imageframe-6 hover-type-none rund\"><a class=\"fusion-no-lightbox\" href=\"https:\/\/bestelements.de\/es\/kaufen\/test-freie-radikale\/alterung-test-freie-radikale\/\" target=\"_self\" aria-label=\"Alterung Freie Radikale Teststreifen\"><img decoding=\"async\" width=\"700\" height=\"700\" alt=\"Alterung Freie Radikale Teststreifen\" src=\"https:\/\/bestelements.de\/wp-content\/uploads\/Alterung-Freie-Radikale-Teststreifen.jpg\" data-orig-src=\"https:\/\/bestelements.de\/wp-content\/uploads\/Alterung-Freie-Radikale-Teststreifen.jpg\" class=\"lazyload img-responsive wp-image-19743\" srcset=\"data:image\/svg+xml,%3Csvg%20xmlns%3D%27http%3A%2F%2Fwww.w3.org%2F2000%2Fsvg%27%20width%3D%27700%27%20height%3D%27700%27%20viewBox%3D%270%200%20700%20700%27%3E%3Crect%20width%3D%27700%27%20height%3D%27700%27%20fill-opacity%3D%220%22%2F%3E%3C%2Fsvg%3E\" data-srcset=\"https:\/\/bestelements.de\/wp-content\/uploads\/Alterung-Freie-Radikale-Teststreifen-200x200.jpg 200w, https:\/\/bestelements.de\/wp-content\/uploads\/Alterung-Freie-Radikale-Teststreifen-400x400.jpg 400w, https:\/\/bestelements.de\/wp-content\/uploads\/Alterung-Freie-Radikale-Teststreifen-600x600.jpg 600w, https:\/\/bestelements.de\/wp-content\/uploads\/Alterung-Freie-Radikale-Teststreifen.jpg 700w\" data-sizes=\"auto\" data-orig-sizes=\"(max-width: 1024px) 100vw, (max-width: 640px) 100vw, 400px\" \/><\/a><\/span><\/div><\/div><\/div><\/div><\/div><div class=\"fusion-fullwidth fullwidth-box fusion-builder-row-6 fusion-flex-container has-pattern-background has-mask-background nonhundred-percent-fullwidth non-hundred-percent-height-scrolling\" style=\"--awb-border-radius-top-left:0px;--awb-border-radius-top-right:0px;--awb-border-radius-bottom-right:0px;--awb-border-radius-bottom-left:0px;--awb-flex-wrap:wrap;\" ><div class=\"fusion-builder-row fusion-row fusion-flex-align-items-flex-start fusion-flex-content-wrap\" style=\"max-width:1185.6px;margin-left: calc(-4% \/ 2 );margin-right: calc(-4% \/ 2 );\"><div class=\"fusion-layout-column fusion_builder_column fusion-builder-column-11 fusion_builder_column_1_1 1_1 fusion-flex-column\" style=\"--awb-bg-size:cover;--awb-width-large:100%;--awb-margin-top-large:0px;--awb-spacing-right-large:1.92%;--awb-margin-bottom-large:20px;--awb-spacing-left-large:1.92%;--awb-width-medium:100%;--awb-order-medium:0;--awb-spacing-right-medium:1.92%;--awb-spacing-left-medium:1.92%;--awb-width-small:100%;--awb-order-small:0;--awb-spacing-right-small:1.92%;--awb-spacing-left-small:1.92%;\"><div class=\"fusion-column-wrapper fusion-column-has-shadow fusion-flex-justify-content-flex-start fusion-content-layout-column\"><div class=\"fusion-title title fusion-title-12 fusion-sep-none fusion-title-center fusion-title-text fusion-title-size-two\" style=\"--awb-margin-top-small:10px;--awb-margin-right-small:0px;--awb-margin-bottom-small:10px;--awb-margin-left-small:0px;\"><h2 class=\"fusion-title-heading title-heading-center fusion-responsive-typography-calculated\" style=\"margin:0;--fontSize:27.2;line-height:1.13;\">Relacionado con el tema: Libros sobre salud y curaci\u00f3n<\/h2><\/div><div class=\"fusion-woo-product-slider fusion-woo-slider\"><div class=\"awb-carousel awb-swiper awb-swiper-carousel fusion-carousel-title-below-image\" data-metacontent=\"yes\" data-autoplay=\"yes\" data-columns=\"5\" data-itemmargin=\"13\" data-itemwidth=\"180\" data-touchscroll=\"no\" data-imagesize=\"fixed\"><div class=\"swiper-wrapper\"><div class=\"swiper-slide\"><div class=\"fusion-classic-product-image-wrapper\"><div class=\"fusion-carousel-item-wrapper\"><div  class=\"fusion-image-wrapper fusion-image-size-fixed\" aria-haspopup=\"true\">\n\t\t\t\t<div class=\"fusion-woo-badges-wrapper\">\n<\/div>\t\t\t<a href=\"https:\/\/bestelements.de\/es\/kaufen\/buecher-ebooks\/ebook-wasserstoffreiches-trinkwasser-und-wasserstoff-inhalation-anwendung-und-studien\/\" aria-label=\"Libro electr\u00f3nico Agua potable rica en hidr\u00f3geno e inhalaci\u00f3n de hidr\u00f3geno: aplicaciones y estudios (alem\u00e1n)\">\n\t\t\t\t\t\t\t<img decoding=\"async\" width=\"177\" height=\"142\" src=\"data:image\/svg+xml,%3Csvg%20xmlns%3D%27http%3A%2F%2Fwww.w3.org%2F2000%2Fsvg%27%20width%3D%27177%27%20height%3D%27142%27%20viewBox%3D%270%200%20177%20142%27%3E%3Crect%20width%3D%27177%27%20height%3D%27142%27%20fill-opacity%3D%220%22%2F%3E%3C%2Fsvg%3E\" data-orig-src=\"https:\/\/bestelements.de\/wp-content\/uploads\/eBook-Wasserstoffreiches-Trinkwasser-und-Wasserstoff-Inhalation-Anwendung-und-Studien-Buchtitel-Produktbild-177x142.jpg\" class=\"lazyload attachment-portfolio-five size-portfolio-five wp-post-image\" alt=\"eBook Wasserstoffreiches Trinkwasser und Wasserstoff-Inhalation - Anwendung und Studien\" \/><div class=\"cart-loading\"><i class=\"awb-icon-spinner\" aria-hidden=\"true\"><\/i><\/div>\t\t\t<\/a>\n\t\t\t\t\t\t\t<\/div>\n<h4 class=\"fusion-carousel-title product-title\"><a href=\"https:\/\/bestelements.de\/es\/kaufen\/buecher-ebooks\/ebook-wasserstoffreiches-trinkwasser-und-wasserstoff-inhalation-anwendung-und-studien\/\" target=\"_self\">Libro electr\u00f3nico Agua potable rica en hidr\u00f3geno e inhalaci\u00f3n de hidr\u00f3geno: aplicaciones y estudios (alem\u00e1n)<\/a><\/h4><div class=\"fusion-carousel-meta\"><a href=\"https:\/\/bestelements.de\/es\/produkt-kategorie\/buecher-ebooks\/\" rel=\"tag\">Libros y libros electronicos<\/a>, <a href=\"https:\/\/bestelements.de\/es\/produkt-kategorie\/zubehoer\/\" rel=\"tag\">Accesorios Hidr\u00f3geno<\/a><\/div><\/div><\/div><\/div><div class=\"swiper-slide\"><div class=\"fusion-classic-product-image-wrapper\"><div class=\"fusion-carousel-item-wrapper\"><div  class=\"fusion-image-wrapper fusion-image-size-fixed\" aria-haspopup=\"true\">\n\t\t\t\t<div class=\"fusion-woo-badges-wrapper\">\n<\/div>\t\t\t<a href=\"https:\/\/bestelements.de\/es\/kaufen\/buecher-ebooks\/buch-praxisbuch-molekularer-wasserstoff-von-brigitte-hamann-buch-und-ebook\/\" aria-label=\"Gu\u00eda pr\u00e1ctica del hidr\u00f3geno molecular de Brigitte Hamann (libro y libro electr\u00f3nico)\">\n\t\t\t\t\t\t\t<img decoding=\"async\" width=\"177\" height=\"142\" src=\"data:image\/svg+xml,%3Csvg%20xmlns%3D%27http%3A%2F%2Fwww.w3.org%2F2000%2Fsvg%27%20width%3D%27177%27%20height%3D%27142%27%20viewBox%3D%270%200%20177%20142%27%3E%3Crect%20width%3D%27177%27%20height%3D%27142%27%20fill-opacity%3D%220%22%2F%3E%3C%2Fsvg%3E\" data-orig-src=\"https:\/\/bestelements.de\/wp-content\/uploads\/Praxisbuch-molekularer-Wasserstoff-von-Brigitte-Hamann-mit-Buchcover-177x142.jpg\" class=\"lazyload attachment-portfolio-five size-portfolio-five wp-post-image\" alt=\"Praxisbuch molekularer Wasserstoff von Brigitte Hamann mit Buchcover\" \/><div class=\"cart-loading\"><i class=\"awb-icon-spinner\" aria-hidden=\"true\"><\/i><\/div>\t\t\t<\/a>\n\t\t\t\t\t\t\t<\/div>\n<h4 class=\"fusion-carousel-title product-title\"><a href=\"https:\/\/bestelements.de\/es\/kaufen\/buecher-ebooks\/buch-praxisbuch-molekularer-wasserstoff-von-brigitte-hamann-buch-und-ebook\/\" target=\"_self\">Gu\u00eda pr\u00e1ctica del hidr\u00f3geno molecular de Brigitte Hamann (libro y libro electr\u00f3nico)<\/a><\/h4><div class=\"fusion-carousel-meta\"><a href=\"https:\/\/bestelements.de\/es\/produkt-kategorie\/buecher-ebooks\/\" rel=\"tag\">Libros y libros electronicos<\/a>, <a href=\"https:\/\/bestelements.de\/es\/produkt-kategorie\/zubehoer\/\" rel=\"tag\">Accesorios Hidr\u00f3geno<\/a><\/div><\/div><\/div><\/div><div class=\"swiper-slide\"><div class=\"fusion-classic-product-image-wrapper\"><div class=\"fusion-carousel-item-wrapper\"><div  class=\"fusion-image-wrapper fusion-image-size-fixed\" aria-haspopup=\"true\">\n\t\t\t\t<div class=\"fusion-woo-badges-wrapper\">\n<\/div>\t\t\t<a href=\"https:\/\/bestelements.de\/es\/kaufen\/buecher-ebooks\/buch-ebook-wasserstoff-medizin-mark-sircus\/\" aria-label=\"Libro Medicina del hidr\u00f3geno de Dr. Mark Sircus (libro y libro electr\u00f3nico)\">\n\t\t\t\t\t\t\t<img decoding=\"async\" width=\"142\" height=\"142\" src=\"https:\/\/bestelements.de\/wp-content\/uploads\/Buchtitel-Wasserstoff-Medizin-Mark-Sircus-177x177.jpg\" data-orig-src=\"https:\/\/bestelements.de\/wp-content\/uploads\/Buchtitel-Wasserstoff-Medizin-Mark-Sircus-177x177.jpg\" class=\"lazyload attachment-portfolio-five size-portfolio-five wp-post-image\" alt=\"Buch Ebook: Wasserstoff Medizin von Mark Sircus\" srcset=\"data:image\/svg+xml,%3Csvg%20xmlns%3D%27http%3A%2F%2Fwww.w3.org%2F2000%2Fsvg%27%20width%3D%27142%27%20height%3D%27142%27%20viewBox%3D%270%200%20142%20142%27%3E%3Crect%20width%3D%27142%27%20height%3D%27142%27%20fill-opacity%3D%220%22%2F%3E%3C%2Fsvg%3E\" data-srcset=\"https:\/\/bestelements.de\/wp-content\/uploads\/Buchtitel-Wasserstoff-Medizin-Mark-Sircus-66x66.jpg 66w, https:\/\/bestelements.de\/wp-content\/uploads\/Buchtitel-Wasserstoff-Medizin-Mark-Sircus-100x100.jpg 100w, https:\/\/bestelements.de\/wp-content\/uploads\/Buchtitel-Wasserstoff-Medizin-Mark-Sircus-150x150.jpg 150w, https:\/\/bestelements.de\/wp-content\/uploads\/Buchtitel-Wasserstoff-Medizin-Mark-Sircus-177x177.jpg 177w, https:\/\/bestelements.de\/wp-content\/uploads\/Buchtitel-Wasserstoff-Medizin-Mark-Sircus-200x200.jpg 200w, https:\/\/bestelements.de\/wp-content\/uploads\/Buchtitel-Wasserstoff-Medizin-Mark-Sircus-300x300.jpg 300w, https:\/\/bestelements.de\/wp-content\/uploads\/Buchtitel-Wasserstoff-Medizin-Mark-Sircus-320x320.jpg 320w, https:\/\/bestelements.de\/wp-content\/uploads\/Buchtitel-Wasserstoff-Medizin-Mark-Sircus-400x400.jpg 400w, https:\/\/bestelements.de\/wp-content\/uploads\/Buchtitel-Wasserstoff-Medizin-Mark-Sircus-460x460.jpg 460w, https:\/\/bestelements.de\/wp-content\/uploads\/Buchtitel-Wasserstoff-Medizin-Mark-Sircus-500x500.jpg 500w, https:\/\/bestelements.de\/wp-content\/uploads\/Buchtitel-Wasserstoff-Medizin-Mark-Sircus-540x540.jpg 540w, https:\/\/bestelements.de\/wp-content\/uploads\/Buchtitel-Wasserstoff-Medizin-Mark-Sircus-600x600.jpg 600w, https:\/\/bestelements.de\/wp-content\/uploads\/Buchtitel-Wasserstoff-Medizin-Mark-Sircus-669x669.jpg 669w, https:\/\/bestelements.de\/wp-content\/uploads\/Buchtitel-Wasserstoff-Medizin-Mark-Sircus.jpg 700w\" data-sizes=\"auto\" data-orig-sizes=\"(max-width: 142px) 100vw, 142px\" \/><div class=\"cart-loading\"><i class=\"awb-icon-spinner\" aria-hidden=\"true\"><\/i><\/div>\t\t\t<\/a>\n\t\t\t\t\t\t\t<\/div>\n<h4 class=\"fusion-carousel-title product-title\"><a href=\"https:\/\/bestelements.de\/es\/kaufen\/buecher-ebooks\/buch-ebook-wasserstoff-medizin-mark-sircus\/\" target=\"_self\">Libro Medicina del hidr\u00f3geno de Dr. Mark Sircus (libro y libro electr\u00f3nico)<\/a><\/h4><div class=\"fusion-carousel-meta\"><a href=\"https:\/\/bestelements.de\/es\/produkt-kategorie\/buecher-ebooks\/\" rel=\"tag\">Libros y libros electronicos<\/a>, <a href=\"https:\/\/bestelements.de\/es\/produkt-kategorie\/zubehoer\/\" rel=\"tag\">Accesorios Hidr\u00f3geno<\/a><\/div><\/div><\/div><\/div><div class=\"swiper-slide\"><div class=\"fusion-classic-product-image-wrapper\"><div class=\"fusion-carousel-item-wrapper\"><div  class=\"fusion-image-wrapper fusion-image-size-fixed\" aria-haspopup=\"true\">\n\t\t\t\t<div class=\"fusion-woo-badges-wrapper\">\n<\/div>\t\t\t<a href=\"https:\/\/bestelements.de\/es\/kaufen\/buecher-ebooks\/buch-medizinskandal-uebersaeuerung-erfolgreich-entsaeuern-entschlacken\/\" aria-label=\"Libro \u00abAcidificaci\u00f3n por esc\u00e1ndalos m\u00e9dicos: desacidificaci\u00f3n y purificaci\u00f3n exitosas\u00bb\">\n\t\t\t\t\t\t\t<img decoding=\"async\" width=\"177\" height=\"142\" src=\"data:image\/svg+xml,%3Csvg%20xmlns%3D%27http%3A%2F%2Fwww.w3.org%2F2000%2Fsvg%27%20width%3D%27177%27%20height%3D%27142%27%20viewBox%3D%270%200%20177%20142%27%3E%3Crect%20width%3D%27177%27%20height%3D%27142%27%20fill-opacity%3D%220%22%2F%3E%3C%2Fsvg%3E\" data-orig-src=\"https:\/\/bestelements.de\/wp-content\/uploads\/Ebook-Buch-Medizinskandal-Uebersaeuerung-177x142.jpg\" class=\"lazyload attachment-portfolio-five size-portfolio-five wp-post-image\" alt=\"Ebook Buch Medizinskandal \u00dcbers\u00e4uerung\" \/><div class=\"cart-loading\"><i class=\"awb-icon-spinner\" aria-hidden=\"true\"><\/i><\/div>\t\t\t<\/a>\n\t\t\t\t\t\t\t<\/div>\n<h4 class=\"fusion-carousel-title product-title\"><a href=\"https:\/\/bestelements.de\/es\/kaufen\/buecher-ebooks\/buch-medizinskandal-uebersaeuerung-erfolgreich-entsaeuern-entschlacken\/\" target=\"_self\">Libro \u00abAcidificaci\u00f3n por esc\u00e1ndalos m\u00e9dicos: desacidificaci\u00f3n y purificaci\u00f3n exitosas\u00bb<\/a><\/h4><div class=\"fusion-carousel-meta\"><a href=\"https:\/\/bestelements.de\/es\/produkt-kategorie\/buecher-ebooks\/\" rel=\"tag\">Libros y libros electronicos<\/a><\/div><\/div><\/div><\/div><div class=\"swiper-slide\"><div class=\"fusion-classic-product-image-wrapper\"><div class=\"fusion-carousel-item-wrapper\"><div  class=\"fusion-image-wrapper fusion-image-size-fixed\" aria-haspopup=\"true\">\n\t\t\t\t<div class=\"fusion-woo-badges-wrapper\">\n<\/div>\t\t\t<a href=\"https:\/\/bestelements.de\/es\/kaufen\/buecher-ebooks\/buch-codex-humanus-das-buch-der-menschlichkeit\/\" aria-label=\"Libro \u00abCodex Humanus &#8211; El libro de la humanidad\u00bb 5 vol\u00famenes + 2 libros electr\u00f3nicos extra\">\n\t\t\t\t\t\t\t<img decoding=\"async\" width=\"177\" height=\"142\" src=\"data:image\/svg+xml,%3Csvg%20xmlns%3D%27http%3A%2F%2Fwww.w3.org%2F2000%2Fsvg%27%20width%3D%27177%27%20height%3D%27142%27%20viewBox%3D%270%200%20177%20142%27%3E%3Crect%20width%3D%27177%27%20height%3D%27142%27%20fill-opacity%3D%220%22%2F%3E%3C%2Fsvg%3E\" data-orig-src=\"https:\/\/bestelements.de\/wp-content\/uploads\/Codex-Humanus-Das-Buch-der-Menschlichkeit-5-Baende-Buch-und-E-Books-177x142.jpg\" class=\"lazyload attachment-portfolio-five size-portfolio-five wp-post-image\" alt=\"Codex Humanus Das Buch der Menschlichkeit 5 B\u00e4nde Buch und E-Books\" \/><div class=\"cart-loading\"><i class=\"awb-icon-spinner\" aria-hidden=\"true\"><\/i><\/div>\t\t\t<\/a>\n\t\t\t\t\t\t\t<\/div>\n<h4 class=\"fusion-carousel-title product-title\"><a href=\"https:\/\/bestelements.de\/es\/kaufen\/buecher-ebooks\/buch-codex-humanus-das-buch-der-menschlichkeit\/\" target=\"_self\">Libro \u00abCodex Humanus &#8211; El libro de la humanidad\u00bb 5 vol\u00famenes + 2 libros electr\u00f3nicos extra<\/a><\/h4><div class=\"fusion-carousel-meta\"><a href=\"https:\/\/bestelements.de\/es\/produkt-kategorie\/buecher-ebooks\/\" rel=\"tag\">Libros y libros electronicos<\/a><\/div><\/div><\/div><\/div><div class=\"swiper-slide\"><div class=\"fusion-classic-product-image-wrapper\"><div class=\"fusion-carousel-item-wrapper\"><div  class=\"fusion-image-wrapper fusion-image-size-fixed\" aria-haspopup=\"true\">\n\t\t\t\t<div class=\"fusion-woo-badges-wrapper\">\n<\/div>\t\t\t<a href=\"https:\/\/bestelements.de\/es\/kaufen\/buecher-ebooks\/buch-medizinskandal-asthma-bronchitis\/\" aria-label=\"Libro \u00abEsc\u00e1ndalo m\u00e9dico del asma\/bronquitis\u00bb\">\n\t\t\t\t\t\t\t<img decoding=\"async\" width=\"177\" height=\"142\" src=\"data:image\/svg+xml,%3Csvg%20xmlns%3D%27http%3A%2F%2Fwww.w3.org%2F2000%2Fsvg%27%20width%3D%27177%27%20height%3D%27142%27%20viewBox%3D%270%200%20177%20142%27%3E%3Crect%20width%3D%27177%27%20height%3D%27142%27%20fill-opacity%3D%220%22%2F%3E%3C%2Fsvg%3E\" data-orig-src=\"https:\/\/bestelements.de\/wp-content\/uploads\/Medizinskandal-Asthma-177x142.jpg\" class=\"lazyload attachment-portfolio-five size-portfolio-five wp-post-image\" alt=\"Medizinskandal Asthma\" \/><div class=\"cart-loading\"><i class=\"awb-icon-spinner\" aria-hidden=\"true\"><\/i><\/div>\t\t\t<\/a>\n\t\t\t\t\t\t\t<\/div>\n<h4 class=\"fusion-carousel-title product-title\"><a href=\"https:\/\/bestelements.de\/es\/kaufen\/buecher-ebooks\/buch-medizinskandal-asthma-bronchitis\/\" target=\"_self\">Libro \u00abEsc\u00e1ndalo m\u00e9dico del asma\/bronquitis\u00bb<\/a><\/h4><div class=\"fusion-carousel-meta\"><a href=\"https:\/\/bestelements.de\/es\/produkt-kategorie\/buecher-ebooks\/\" rel=\"tag\">Libros y libros electronicos<\/a><\/div><\/div><\/div><\/div><div class=\"swiper-slide\"><div class=\"fusion-classic-product-image-wrapper\"><div class=\"fusion-carousel-item-wrapper\"><div  class=\"fusion-image-wrapper fusion-image-size-fixed\" aria-haspopup=\"true\">\n\t\t\t\t<div class=\"fusion-woo-badges-wrapper\">\n<\/div>\t\t\t<a href=\"https:\/\/bestelements.de\/es\/kaufen\/buecher-ebooks\/buch-medizinskandal-krebs\/\" aria-label=\"Libro \u00abEsc\u00e1ndalo m\u00e9dico del c\u00e1ncer\u00bb\">\n\t\t\t\t\t\t\t<img decoding=\"async\" width=\"177\" height=\"142\" src=\"data:image\/svg+xml,%3Csvg%20xmlns%3D%27http%3A%2F%2Fwww.w3.org%2F2000%2Fsvg%27%20width%3D%27177%27%20height%3D%27142%27%20viewBox%3D%270%200%20177%20142%27%3E%3Crect%20width%3D%27177%27%20height%3D%27142%27%20fill-opacity%3D%220%22%2F%3E%3C%2Fsvg%3E\" data-orig-src=\"https:\/\/bestelements.de\/wp-content\/uploads\/693e9608-Medizinskandal-Krebs-177x142.jpg\" class=\"lazyload attachment-portfolio-five size-portfolio-five wp-post-image\" alt=\"\" \/><div class=\"cart-loading\"><i class=\"awb-icon-spinner\" aria-hidden=\"true\"><\/i><\/div>\t\t\t<\/a>\n\t\t\t\t\t\t\t<\/div>\n<h4 class=\"fusion-carousel-title product-title\"><a href=\"https:\/\/bestelements.de\/es\/kaufen\/buecher-ebooks\/buch-medizinskandal-krebs\/\" target=\"_self\">Libro \u00abEsc\u00e1ndalo m\u00e9dico del c\u00e1ncer\u00bb<\/a><\/h4><div class=\"fusion-carousel-meta\"><a href=\"https:\/\/bestelements.de\/es\/produkt-kategorie\/buecher-ebooks\/\" rel=\"tag\">Libros y libros electronicos<\/a><\/div><\/div><\/div><\/div><div class=\"swiper-slide\"><div class=\"fusion-classic-product-image-wrapper\"><div class=\"fusion-carousel-item-wrapper\"><div  class=\"fusion-image-wrapper fusion-image-size-fixed\" aria-haspopup=\"true\">\n\t\t\t\t<div class=\"fusion-woo-badges-wrapper\">\n<\/div>\t\t\t<a href=\"https:\/\/bestelements.de\/es\/kaufen\/buecher-ebooks\/buch-allergie-therapien-medizinskandal-allergien\/\" aria-label=\"Libro \u00abAlergias de esc\u00e1ndalo m\u00e9dico\u00bb\">\n\t\t\t\t\t\t\t<img decoding=\"async\" width=\"177\" height=\"142\" src=\"data:image\/svg+xml,%3Csvg%20xmlns%3D%27http%3A%2F%2Fwww.w3.org%2F2000%2Fsvg%27%20width%3D%27177%27%20height%3D%27142%27%20viewBox%3D%270%200%20177%20142%27%3E%3Crect%20width%3D%27177%27%20height%3D%27142%27%20fill-opacity%3D%220%22%2F%3E%3C%2Fsvg%3E\" data-orig-src=\"https:\/\/bestelements.de\/wp-content\/uploads\/Medizinskandal-Allergien-177x142.jpg\" class=\"lazyload attachment-portfolio-five size-portfolio-five wp-post-image\" alt=\"Medizinskandal Allergien\" \/><div class=\"cart-loading\"><i class=\"awb-icon-spinner\" aria-hidden=\"true\"><\/i><\/div>\t\t\t<\/a>\n\t\t\t\t\t\t\t<\/div>\n<h4 class=\"fusion-carousel-title product-title\"><a href=\"https:\/\/bestelements.de\/es\/kaufen\/buecher-ebooks\/buch-allergie-therapien-medizinskandal-allergien\/\" target=\"_self\">Libro \u00abAlergias de esc\u00e1ndalo m\u00e9dico\u00bb<\/a><\/h4><div class=\"fusion-carousel-meta\"><a href=\"https:\/\/bestelements.de\/es\/produkt-kategorie\/buecher-ebooks\/\" rel=\"tag\">Libros y libros electronicos<\/a><\/div><\/div><\/div><\/div><div class=\"swiper-slide\"><div class=\"fusion-classic-product-image-wrapper\"><div class=\"fusion-carousel-item-wrapper\"><div  class=\"fusion-image-wrapper fusion-image-size-fixed\" aria-haspopup=\"true\">\n\t\t\t\t<div class=\"fusion-woo-badges-wrapper\">\n<\/div>\t\t\t<a href=\"https:\/\/bestelements.de\/es\/kaufen\/buecher-ebooks\/buch-anti-aging-ratgeber-medizinskandal-alterung\/\" aria-label=\"Libro Gu\u00eda Antienvejecimiento \u00abEsc\u00e1ndalo m\u00e9dico sobre la vejez\u00bb\">\n\t\t\t\t\t\t\t<img decoding=\"async\" width=\"177\" height=\"142\" src=\"data:image\/svg+xml,%3Csvg%20xmlns%3D%27http%3A%2F%2Fwww.w3.org%2F2000%2Fsvg%27%20width%3D%27177%27%20height%3D%27142%27%20viewBox%3D%270%200%20177%20142%27%3E%3Crect%20width%3D%27177%27%20height%3D%27142%27%20fill-opacity%3D%220%22%2F%3E%3C%2Fsvg%3E\" data-orig-src=\"https:\/\/bestelements.de\/wp-content\/uploads\/3a7c1169-medizinskandal-alterung-177x142.jpg\" class=\"lazyload attachment-portfolio-five size-portfolio-five wp-post-image\" alt=\"Medizinskandal Alterung\" \/><div class=\"cart-loading\"><i class=\"awb-icon-spinner\" aria-hidden=\"true\"><\/i><\/div>\t\t\t<\/a>\n\t\t\t\t\t\t\t<\/div>\n<h4 class=\"fusion-carousel-title product-title\"><a href=\"https:\/\/bestelements.de\/es\/kaufen\/buecher-ebooks\/buch-anti-aging-ratgeber-medizinskandal-alterung\/\" target=\"_self\">Libro Gu\u00eda Antienvejecimiento \u00abEsc\u00e1ndalo m\u00e9dico sobre la vejez\u00bb<\/a><\/h4><div class=\"fusion-carousel-meta\"><a href=\"https:\/\/bestelements.de\/es\/produkt-kategorie\/buecher-ebooks\/\" rel=\"tag\">Libros y libros electronicos<\/a><\/div><\/div><\/div><\/div><\/div><div class=\"awb-swiper-button awb-swiper-button-prev\"><i class=\"awb-icon-angle-left\" aria-hidden=\"true\"><\/i><\/div><div class=\"awb-swiper-button awb-swiper-button-next\"><i class=\"awb-icon-angle-right\" aria-hidden=\"true\"><\/i><\/div><\/div><\/div><\/div><\/div><\/div><\/div>\n<\/p>","protected":false},"excerpt":{"rendered":"<p>Disculpa, pero esta entrada est\u00e1 disponible s\u00f3lo en Deutsch.<\/p>\n","protected":false},"author":1,"featured_media":19162,"comment_status":"closed","ping_status":"closed","sticky":false,"template":"","format":"standard","meta":{"footnotes":""},"categories":[254],"tags":[],"class_list":["post-19135","post","type-post","status-publish","format-standard","has-post-thumbnail","hentry","category-teststreifen"],"_links":{"self":[{"href":"https:\/\/bestelements.de\/es\/wp-json\/wp\/v2\/posts\/19135","targetHints":{"allow":["GET"]}}],"collection":[{"href":"https:\/\/bestelements.de\/es\/wp-json\/wp\/v2\/posts"}],"about":[{"href":"https:\/\/bestelements.de\/es\/wp-json\/wp\/v2\/types\/post"}],"author":[{"embeddable":true,"href":"https:\/\/bestelements.de\/es\/wp-json\/wp\/v2\/users\/1"}],"replies":[{"embeddable":true,"href":"https:\/\/bestelements.de\/es\/wp-json\/wp\/v2\/comments?post=19135"}],"version-history":[{"count":0,"href":"https:\/\/bestelements.de\/es\/wp-json\/wp\/v2\/posts\/19135\/revisions"}],"wp:featuredmedia":[{"embeddable":true,"href":"https:\/\/bestelements.de\/es\/wp-json\/wp\/v2\/media\/19162"}],"wp:attachment":[{"href":"https:\/\/bestelements.de\/es\/wp-json\/wp\/v2\/media?parent=19135"}],"wp:term":[{"taxonomy":"category","embeddable":true,"href":"https:\/\/bestelements.de\/es\/wp-json\/wp\/v2\/categories?post=19135"},{"taxonomy":"post_tag","embeddable":true,"href":"https:\/\/bestelements.de\/es\/wp-json\/wp\/v2\/tags?post=19135"}],"curies":[{"name":"wp","href":"https:\/\/api.w.org\/{rel}","templated":true}]}}