{"id":5021,"date":"2021-05-03T09:02:45","date_gmt":"2021-05-03T07:02:45","guid":{"rendered":"https:\/\/bestelements.de\/?p=5021"},"modified":"2021-09-19T18:49:13","modified_gmt":"2021-09-19T16:49:13","slug":"heuschnupfen-pollen-corona-beschwerden-erkennen-vorbeugen-und-lindern","status":"publish","type":"post","link":"https:\/\/bestelements.de\/de\/pressemeldungen\/heuschnupfen-pollen-corona-beschwerden-erkennen-vorbeugen-und-lindern\/","title":{"rendered":"Heuschnupfen Pollen Corona Beschwerden erkennen vorbeugen und lindern"},"content":{"rendered":"<p><div class=\"fusion-fullwidth fullwidth-box fusion-builder-row-1 fusion-flex-container nonhundred-percent-fullwidth non-hundred-percent-height-scrolling\" style=\"--awb-border-radius-top-left:0px;--awb-border-radius-top-right:0px;--awb-border-radius-bottom-right:0px;--awb-border-radius-bottom-left:0px;--awb-flex-wrap:wrap;\" ><div class=\"fusion-builder-row fusion-row fusion-flex-align-items-flex-start fusion-flex-content-wrap\" style=\"max-width:1185.6px;margin-left: calc(-4% \/ 2 );margin-right: calc(-4% \/ 2 );\"><div class=\"fusion-layout-column fusion_builder_column fusion-builder-column-0 fusion_builder_column_1_1 1_1 fusion-flex-column\" style=\"--awb-bg-size:cover;--awb-width-large:100%;--awb-margin-top-large:0px;--awb-spacing-right-large:1.92%;--awb-margin-bottom-large:0px;--awb-spacing-left-large:1.92%;--awb-width-medium:100%;--awb-spacing-right-medium:1.92%;--awb-spacing-left-medium:1.92%;--awb-width-small:100%;--awb-spacing-right-small:1.92%;--awb-spacing-left-small:1.92%;\"><div class=\"fusion-column-wrapper fusion-flex-justify-content-flex-start fusion-content-layout-column\"><div class=\"fusion-text fusion-text-1\"><h3 class=\"\">Heuschnupfen: Diese Tricks k\u00f6nnen gegen Pollen helfen!<\/h3>\n<p>Immer mehr Menschen reagieren auf eigentlich harmlose Substanzen in der Umwelt allergisch. Beim Heuschnupfen sind es die Eiwei\u00dfe in den Pollen. Das ist ein Problem, denn viele Pollen fliegen inzwischen immer fr\u00fcher und l\u00e4nger im Jahr.Aber nicht nur die Pollensaison hat sich ausgeweitet, sondern auch die Pollen selbst ver\u00e4ndern sich. Durch Pflanzen wie die eingewanderte &#8222;Ambrosia artemisiifolia&#8220; gibt es neue, stark Allergie f\u00f6rdernde Pollen in Deutschland.<\/p>\n<h4>Heuschnupfen und Corona:<\/h4>\n<p>In Zeiten von Corona bekommt das Thema Heuschnupfen eine ganz neue Brisanz&#8230; <small> Quelle https:\/\/www.bayern3.de\/heuschnupfen-pollen-corona<\/small><\/p>\n<h3 class=\"\">Wie unterscheide ich Heuschnupfen und Corona?<\/h3>\n<p>Sie fliegen schon wieder: die Pollen. Und verursachen das, was Betroffene schniefen und niesen l\u00e4sst: den Heuschnupfen. F\u00fcr etwa 15 Prozent der Erwachsenen in Deutschland geh\u00f6rt das laut dem deutschen Forschungszentrum f\u00fcr Gesundheit und Umwelt in M\u00fcnchen zum Alltag. Seit Beginn der Corona-Pandemie im M\u00e4rz 2020 schwingt bei jedem Halskratzen noch ein unangenehmer Gedanke mit: Habe ich mich mit dem Coronavirus infiziert? Oder ist es der gew\u00f6hnliche Heuschnupfen?&#8230; <small> Quelle https:\/\/www.augsburger-allgemeine.de\/panorama\/Wie-unterscheide-ich-Heuschnupfen-und-Corona-id59583396.html<\/small><\/p>\n<h3 class=\"\">Allergien &#8211; Ohne Pillen durch die Pollen<\/h3>\n<p>Warum reagiert unser Immunsystem so heftig auf unschuldige Alltagssubstanzen wie Pollen? Gibt es einen Zusammenhang zwischen Umweltverschmutzung und Anstieg der Allergien? Welche Rolle spielt unsere Ern\u00e4hrung?&#8230; <small> Quelle https:\/\/www.prisma.de\/tv-programm\/Allergien-Ohne-Pillen-durch-die-Pollen,29523496<\/small><\/p>\n<h3 class=\"\">Pollenallergie | Beschwerden vorbeugen und lindern<\/h3>\n<p>Geschwollene oder juckende Augen, st\u00e4ndiges Niesen oder gar Atemnot \u2013 Allergiker haben derzeit mit verschiedenen Symptomen zu k\u00e4mpfen, denn es fliegen wieder allerlei Pollen durch die Luft. Bei Menschen mit Allergien kommt es zu einer \u00dcberreaktion des Immunsystems. Es identifiziert Fremdstoffe, die eigentlich vollkommen harmlos sind, als sch\u00e4dliche Eindringlinge&#8230; <small> Quelle https:\/\/presse-augsburg.de\/pollenallergie-beschwerden-vorbeugen-und-lindern\/720716\/<\/small><\/p>\n<h3 class=\"\">Typische Heuschnupfen-Symptome: Wie zeigt sich eine Pollenallergie?<\/h3>\n<p>Das Fr\u00fchjahr und der Sommer sind f\u00fcr viele Menschen die sch\u00f6nsten Monate im Jahr. Bei Pollenallergikern sieht das oft anders aus, denn f\u00fcr sie beginnen zu diesen Jahreszeiten die Strapazen: Von tr\u00e4nenden Augen bis hin zu Asthma \u00e4u\u00dfert sich die allergische Reaktion auf Pollen unterschiedlich intensiv. Wir kl\u00e4ren euch \u00fcber die h\u00e4ufigsten Symptome von Heuschnupfen auf&#8230; <small> Quelle https:\/\/www.tonight.de\/ratgeber\/typische-heuschnupfen-symptome-so-zeigt-sich-eine-pollenallergie_116089.html<\/small><\/p>\n<\/div><div class=\"fusion-woo-product-slider fusion-woo-slider\"><div class=\"awb-carousel awb-swiper awb-swiper-carousel fusion-carousel-title-below-image\" data-metacontent=\"yes\" data-autoplay=\"no\" data-columns=\"5\" data-itemmargin=\"13\" data-itemwidth=\"180\" data-touchscroll=\"no\" data-imagesize=\"auto\"><div class=\"swiper-wrapper\"><div class=\"swiper-slide\"><div class=\"fusion-classic-product-image-wrapper\"><div class=\"fusion-carousel-item-wrapper\"><div  class=\"fusion-image-wrapper\" aria-haspopup=\"true\">\n\t\t\t\t<div class=\"fusion-woo-badges-wrapper\">\n<\/div>\t\t\t<a href=\"https:\/\/bestelements.de\/de\/kaufen\/luftfilter-luftreiniger-onlineshop\/zu-mieten-activepure-luftreiniger-beyond-fuer-ihre-veranstaltung\/\" aria-label=\"Zu mieten: ActivePure\u00ae-Luftreiniger BEYOND f\u00fcr Ihre Veranstaltung\">\n\t\t\t\t\t\t\t<img decoding=\"async\" width=\"700\" height=\"700\" src=\"https:\/\/bestelements.de\/wp-content\/uploads\/Luftreiniger-Beyond-ActivePure-mieten.jpg\" class=\"attachment-full size-full lazyload wp-post-image\" alt=\"Luftreiniger Beyond ActivePure mieten\" srcset=\"data:image\/svg+xml,%3Csvg%20xmlns%3D%27http%3A%2F%2Fwww.w3.org%2F2000%2Fsvg%27%20width%3D%27700%27%20height%3D%27700%27%20viewBox%3D%270%200%20700%20700%27%3E%3Crect%20width%3D%27700%27%20height%3D%27700%27%20fill-opacity%3D%220%22%2F%3E%3C%2Fsvg%3E\" data-orig-src=\"https:\/\/bestelements.de\/wp-content\/uploads\/Luftreiniger-Beyond-ActivePure-mieten.jpg\" data-srcset=\"https:\/\/bestelements.de\/wp-content\/uploads\/Luftreiniger-Beyond-ActivePure-mieten-200x200.jpg 200w, https:\/\/bestelements.de\/wp-content\/uploads\/Luftreiniger-Beyond-ActivePure-mieten-400x400.jpg 400w, https:\/\/bestelements.de\/wp-content\/uploads\/Luftreiniger-Beyond-ActivePure-mieten-600x600.jpg 600w, https:\/\/bestelements.de\/wp-content\/uploads\/Luftreiniger-Beyond-ActivePure-mieten.jpg 700w\" data-sizes=\"auto\" \/><div class=\"cart-loading\"><i class=\"awb-icon-spinner\" aria-hidden=\"true\"><\/i><\/div>\t\t\t<\/a>\n\t\t\t\t\t\t\t<\/div>\n<h4 class=\"fusion-carousel-title product-title\"><a href=\"https:\/\/bestelements.de\/de\/kaufen\/luftfilter-luftreiniger-onlineshop\/zu-mieten-activepure-luftreiniger-beyond-fuer-ihre-veranstaltung\/\" target=\"_self\">Zu mieten: ActivePure\u00ae-Luftreiniger BEYOND f\u00fcr Ihre Veranstaltung<\/a><\/h4><div class=\"fusion-carousel-meta\"><a href=\"https:\/\/bestelements.de\/de\/produkt-kategorie\/luftfilter-luftreiniger-onlineshop\/\" rel=\"tag\">Luftfilter Luftreiniger kaufen und mieten<\/a><span class=\"gtm4wp_productdata\" style=\"display:none; visibility:hidden;\" data-gtm4wp_product_data=\"{&quot;internal_id&quot;:18114,&quot;item_id&quot;:18114,&quot;item_name&quot;:&quot;Zu mieten: ActivePure\\u00ae-Luftreiniger BEYOND f\\u00fcr Ihre Veranstaltung&quot;,&quot;sku&quot;:&quot;R110204rent-1&quot;,&quot;price&quot;:291.55,&quot;stocklevel&quot;:null,&quot;stockstatus&quot;:&quot;instock&quot;,&quot;google_business_vertical&quot;:&quot;retail&quot;,&quot;item_category&quot;:&quot;Luftfilter Luftreiniger kaufen und mieten&quot;,&quot;id&quot;:18114,&quot;item_brand&quot;:&quot;Luftfilter Luftreiniger kaufen und mieten&quot;,&quot;productlink&quot;:&quot;https:\\\/\\\/bestelements.de\\\/de\\\/kaufen\\\/luftfilter-luftreiniger-onlineshop\\\/zu-mieten-activepure-luftreiniger-beyond-fuer-ihre-veranstaltung\\\/&quot;,&quot;item_list_name&quot;:&quot;General Product List&quot;,&quot;index&quot;:0,&quot;product_type&quot;:&quot;simple&quot;}\"><\/span><div class=\"fusion-carousel-price\">\n\t<span class=\"price\"><span class=\"woocommerce-Price-amount amount\"><bdi>291,55&nbsp;<span class=\"woocommerce-Price-currencySymbol\">&euro;<\/span><\/bdi><\/span><\/span>\n<\/div><\/div><\/div><\/div><\/div><div class=\"swiper-slide\"><div class=\"fusion-classic-product-image-wrapper\"><div class=\"fusion-carousel-item-wrapper\"><div  class=\"fusion-image-wrapper\" aria-haspopup=\"true\">\n\t\t\t\t<div class=\"fusion-woo-badges-wrapper\">\n<\/div>\t\t\t<a href=\"https:\/\/bestelements.de\/de\/kaufen\/luftfilter-luftreiniger-onlineshop\/mobilen-luftfilter-luftreiniger-be-air4-mieten-fuer-feiertage-und-familientreffen-zuhause\/\" aria-label=\"Mobilen Luftfilter Luftreiniger BE AIR4 mieten f\u00fcr Feiertage und Familientreffen Zuhause\">\n\t\t\t\t\t\t\t<img decoding=\"async\" width=\"700\" height=\"700\" src=\"https:\/\/bestelements.de\/wp-content\/uploads\/Mobiler-Luftfilter-BE-AIR4-mieten-1.jpg\" class=\"attachment-full size-full lazyload wp-post-image\" alt=\"Mobiler Luftfilter BE AIR4 mieten\" srcset=\"data:image\/svg+xml,%3Csvg%20xmlns%3D%27http%3A%2F%2Fwww.w3.org%2F2000%2Fsvg%27%20width%3D%27700%27%20height%3D%27700%27%20viewBox%3D%270%200%20700%20700%27%3E%3Crect%20width%3D%27700%27%20height%3D%27700%27%20fill-opacity%3D%220%22%2F%3E%3C%2Fsvg%3E\" data-orig-src=\"https:\/\/bestelements.de\/wp-content\/uploads\/Mobiler-Luftfilter-BE-AIR4-mieten-1.jpg\" data-srcset=\"https:\/\/bestelements.de\/wp-content\/uploads\/Mobiler-Luftfilter-BE-AIR4-mieten-1-200x200.jpg 200w, https:\/\/bestelements.de\/wp-content\/uploads\/Mobiler-Luftfilter-BE-AIR4-mieten-1-400x400.jpg 400w, https:\/\/bestelements.de\/wp-content\/uploads\/Mobiler-Luftfilter-BE-AIR4-mieten-1-600x600.jpg 600w, https:\/\/bestelements.de\/wp-content\/uploads\/Mobiler-Luftfilter-BE-AIR4-mieten-1.jpg 700w\" data-sizes=\"auto\" \/><div class=\"cart-loading\"><i class=\"awb-icon-spinner\" aria-hidden=\"true\"><\/i><\/div>\t\t\t<\/a>\n\t\t\t\t\t\t\t<\/div>\n<h4 class=\"fusion-carousel-title product-title\"><a href=\"https:\/\/bestelements.de\/de\/kaufen\/luftfilter-luftreiniger-onlineshop\/mobilen-luftfilter-luftreiniger-be-air4-mieten-fuer-feiertage-und-familientreffen-zuhause\/\" target=\"_self\">Mobilen Luftfilter Luftreiniger BE AIR4 mieten f\u00fcr Feiertage und Familientreffen Zuhause<\/a><\/h4><div class=\"fusion-carousel-meta\"><a href=\"https:\/\/bestelements.de\/de\/produkt-kategorie\/luftfilter-luftreiniger-onlineshop\/\" rel=\"tag\">Luftfilter Luftreiniger kaufen und mieten<\/a><span class=\"gtm4wp_productdata\" style=\"display:none; visibility:hidden;\" data-gtm4wp_product_data=\"{&quot;internal_id&quot;:11347,&quot;item_id&quot;:11347,&quot;item_name&quot;:&quot;Mobilen Luftfilter Luftreiniger BE AIR4 mieten f\\u00fcr Feiertage und Familientreffen Zuhause&quot;,&quot;sku&quot;:&quot;R110204rent&quot;,&quot;price&quot;:50,&quot;stocklevel&quot;:null,&quot;stockstatus&quot;:&quot;instock&quot;,&quot;google_business_vertical&quot;:&quot;retail&quot;,&quot;item_category&quot;:&quot;Luftfilter Luftreiniger kaufen und mieten&quot;,&quot;id&quot;:11347,&quot;item_brand&quot;:&quot;Luftfilter Luftreiniger kaufen und mieten&quot;,&quot;productlink&quot;:&quot;https:\\\/\\\/bestelements.de\\\/de\\\/kaufen\\\/luftfilter-luftreiniger-onlineshop\\\/mobilen-luftfilter-luftreiniger-be-air4-mieten-fuer-feiertage-und-familientreffen-zuhause\\\/&quot;,&quot;item_list_name&quot;:&quot;General Product List&quot;,&quot;index&quot;:0,&quot;product_type&quot;:&quot;simple&quot;}\"><\/span><div class=\"fusion-carousel-price\">\n\t<span class=\"price\"><span class=\"woocommerce-Price-amount amount\"><bdi>50,00&nbsp;<span class=\"woocommerce-Price-currencySymbol\">&euro;<\/span><\/bdi><\/span><\/span>\n<\/div><\/div><\/div><\/div><\/div><div class=\"swiper-slide\"><div class=\"fusion-classic-product-image-wrapper\"><div class=\"fusion-carousel-item-wrapper\"><div  class=\"fusion-image-wrapper\" aria-haspopup=\"true\">\n\t\t\t\t<div class=\"fusion-woo-badges-wrapper\">\n<\/div>\t\t\t<a href=\"https:\/\/bestelements.de\/de\/kaufen\/luftfilter-luftreiniger-onlineshop\/messgeraet-luftqualitaet-oeffentliche-einrichtungen\/\" aria-label=\"Messger\u00e4t f\u00fcr Luftqualit\u00e4t in \u00f6ffentlichen Einrichtungen\">\n\t\t\t\t\t\t\t<img decoding=\"async\" width=\"700\" height=\"700\" src=\"https:\/\/bestelements.de\/wp-content\/uploads\/Luftqualitaet-Messgeraet.jpg\" class=\"attachment-full size-full lazyload wp-post-image\" alt=\"Luftqualit\u00e4t-Messger\u00e4t\" srcset=\"data:image\/svg+xml,%3Csvg%20xmlns%3D%27http%3A%2F%2Fwww.w3.org%2F2000%2Fsvg%27%20width%3D%27700%27%20height%3D%27700%27%20viewBox%3D%270%200%20700%20700%27%3E%3Crect%20width%3D%27700%27%20height%3D%27700%27%20fill-opacity%3D%220%22%2F%3E%3C%2Fsvg%3E\" data-orig-src=\"https:\/\/bestelements.de\/wp-content\/uploads\/Luftqualitaet-Messgeraet.jpg\" data-srcset=\"https:\/\/bestelements.de\/wp-content\/uploads\/Luftqualitaet-Messgeraet-200x200.jpg 200w, https:\/\/bestelements.de\/wp-content\/uploads\/Luftqualitaet-Messgeraet-400x400.jpg 400w, https:\/\/bestelements.de\/wp-content\/uploads\/Luftqualitaet-Messgeraet-600x600.jpg 600w, https:\/\/bestelements.de\/wp-content\/uploads\/Luftqualitaet-Messgeraet.jpg 700w\" data-sizes=\"auto\" \/><div class=\"cart-loading\"><i class=\"awb-icon-spinner\" aria-hidden=\"true\"><\/i><\/div>\t\t\t<\/a>\n\t\t\t\t\t\t\t<\/div>\n<h4 class=\"fusion-carousel-title product-title\"><a href=\"https:\/\/bestelements.de\/de\/kaufen\/luftfilter-luftreiniger-onlineshop\/messgeraet-luftqualitaet-oeffentliche-einrichtungen\/\" target=\"_self\">Messger\u00e4t f\u00fcr Luftqualit\u00e4t in \u00f6ffentlichen Einrichtungen<\/a><\/h4><div class=\"fusion-carousel-meta\"><a href=\"https:\/\/bestelements.de\/de\/produkt-kategorie\/luftfilter-luftreiniger-onlineshop\/\" rel=\"tag\">Luftfilter Luftreiniger kaufen und mieten<\/a>, <a href=\"https:\/\/bestelements.de\/de\/produkt-kategorie\/messgeraete-luftqualitaet\/\" rel=\"tag\">Messger\u00e4te &amp; Tests Luftqualit\u00e4t<\/a><span class=\"gtm4wp_productdata\" style=\"display:none; visibility:hidden;\" data-gtm4wp_product_data=\"{&quot;internal_id&quot;:5024,&quot;item_id&quot;:5024,&quot;item_name&quot;:&quot;Messger\\u00e4t f\\u00fcr Luftqualit\\u00e4t in \\u00f6ffentlichen Einrichtungen&quot;,&quot;sku&quot;:&quot;BEAirPoint Messger\\u00e4t 101&quot;,&quot;price&quot;:179,&quot;stocklevel&quot;:null,&quot;stockstatus&quot;:&quot;instock&quot;,&quot;google_business_vertical&quot;:&quot;retail&quot;,&quot;item_category&quot;:&quot;Luftfilter Luftreiniger kaufen und mieten&quot;,&quot;id&quot;:5024,&quot;item_brand&quot;:&quot;Luftfilter Luftreiniger kaufen und mieten&quot;,&quot;productlink&quot;:&quot;https:\\\/\\\/bestelements.de\\\/de\\\/kaufen\\\/luftfilter-luftreiniger-onlineshop\\\/messgeraet-luftqualitaet-oeffentliche-einrichtungen\\\/&quot;,&quot;item_list_name&quot;:&quot;General Product List&quot;,&quot;index&quot;:0,&quot;product_type&quot;:&quot;simple&quot;}\"><\/span><div class=\"fusion-carousel-price\">\n\t<span class=\"price\"><span class=\"woocommerce-Price-amount amount\"><bdi>179,00&nbsp;<span class=\"woocommerce-Price-currencySymbol\">&euro;<\/span><\/bdi><\/span><\/span>\n<\/div><\/div><\/div><\/div><\/div><div class=\"swiper-slide\"><div class=\"fusion-classic-product-image-wrapper\"><div class=\"fusion-carousel-item-wrapper\"><div  class=\"fusion-image-wrapper\" aria-haspopup=\"true\">\n\t\t\t\t<div class=\"fusion-woo-badges-wrapper\">\n<\/div>\t\t\t<a href=\"https:\/\/bestelements.de\/de\/kaufen\/luftfilter-luftreiniger-onlineshop\/luftfilter-luftreiniger-mieten-be-air8-fuer-meetings-und-gruppentreffen\/\" aria-label=\"Luftfilter Luftreiniger mieten BE AIR8 f\u00fcr Meetings und Gruppentreffen\">\n\t\t\t\t\t\t\t<img decoding=\"async\" width=\"700\" height=\"700\" src=\"https:\/\/bestelements.de\/wp-content\/uploads\/Luftfilter-BE-Air8-mieten-1.jpg\" class=\"attachment-full size-full lazyload wp-post-image\" alt=\"Mobilen Luftfilter BE Air8 mieten\" srcset=\"data:image\/svg+xml,%3Csvg%20xmlns%3D%27http%3A%2F%2Fwww.w3.org%2F2000%2Fsvg%27%20width%3D%27700%27%20height%3D%27700%27%20viewBox%3D%270%200%20700%20700%27%3E%3Crect%20width%3D%27700%27%20height%3D%27700%27%20fill-opacity%3D%220%22%2F%3E%3C%2Fsvg%3E\" data-orig-src=\"https:\/\/bestelements.de\/wp-content\/uploads\/Luftfilter-BE-Air8-mieten-1.jpg\" data-srcset=\"https:\/\/bestelements.de\/wp-content\/uploads\/Luftfilter-BE-Air8-mieten-1-200x200.jpg 200w, https:\/\/bestelements.de\/wp-content\/uploads\/Luftfilter-BE-Air8-mieten-1-400x400.jpg 400w, https:\/\/bestelements.de\/wp-content\/uploads\/Luftfilter-BE-Air8-mieten-1-600x600.jpg 600w, https:\/\/bestelements.de\/wp-content\/uploads\/Luftfilter-BE-Air8-mieten-1.jpg 700w\" data-sizes=\"auto\" \/><div class=\"cart-loading\"><i class=\"awb-icon-spinner\" aria-hidden=\"true\"><\/i><\/div>\t\t\t<\/a>\n\t\t\t\t\t\t\t<\/div>\n<h4 class=\"fusion-carousel-title product-title\"><a href=\"https:\/\/bestelements.de\/de\/kaufen\/luftfilter-luftreiniger-onlineshop\/luftfilter-luftreiniger-mieten-be-air8-fuer-meetings-und-gruppentreffen\/\" target=\"_self\">Luftfilter Luftreiniger mieten BE AIR8 f\u00fcr Meetings und Gruppentreffen<\/a><\/h4><div class=\"fusion-carousel-meta\"><a href=\"https:\/\/bestelements.de\/de\/produkt-kategorie\/luftfilter-luftreiniger-onlineshop\/\" rel=\"tag\">Luftfilter Luftreiniger kaufen und mieten<\/a><span class=\"gtm4wp_productdata\" style=\"display:none; visibility:hidden;\" data-gtm4wp_product_data=\"{&quot;internal_id&quot;:1872,&quot;item_id&quot;:1872,&quot;item_name&quot;:&quot;Luftfilter Luftreiniger mieten BE AIR8 f\\u00fcr Meetings und Gruppentreffen&quot;,&quot;sku&quot;:&quot;R110208rent&quot;,&quot;price&quot;:100,&quot;stocklevel&quot;:null,&quot;stockstatus&quot;:&quot;instock&quot;,&quot;google_business_vertical&quot;:&quot;retail&quot;,&quot;item_category&quot;:&quot;Luftfilter Luftreiniger kaufen und mieten&quot;,&quot;id&quot;:1872,&quot;item_brand&quot;:&quot;Luftfilter Luftreiniger kaufen und mieten&quot;,&quot;productlink&quot;:&quot;https:\\\/\\\/bestelements.de\\\/de\\\/kaufen\\\/luftfilter-luftreiniger-onlineshop\\\/luftfilter-luftreiniger-mieten-be-air8-fuer-meetings-und-gruppentreffen\\\/&quot;,&quot;item_list_name&quot;:&quot;General Product List&quot;,&quot;index&quot;:0,&quot;product_type&quot;:&quot;simple&quot;}\"><\/span><div class=\"fusion-carousel-price\">\n\t<span class=\"price\"><span class=\"woocommerce-Price-amount amount\"><bdi>100,00&nbsp;<span class=\"woocommerce-Price-currencySymbol\">&euro;<\/span><\/bdi><\/span><\/span>\n<\/div><\/div><\/div><\/div><\/div><div class=\"swiper-slide\"><div class=\"fusion-classic-product-image-wrapper\"><div class=\"fusion-carousel-item-wrapper\"><div  class=\"fusion-image-wrapper\" aria-haspopup=\"true\">\n\t\t\t\t<div class=\"fusion-woo-badges-wrapper\">\n<\/div>\t\t\t<a href=\"https:\/\/bestelements.de\/de\/kaufen\/luftfilter-luftreiniger-onlineshop\/luftfilter-luftreiniger-be-air8-fuer-buero-gruppen-und-meetings\/\" aria-label=\"Mobiler Luftfilter Luftreiniger BE AIR8 f\u00fcr B\u00fcro Gruppen Meetings\">\n\t\t\t\t\t\t\t<img decoding=\"async\" width=\"700\" height=\"700\" src=\"https:\/\/bestelements.de\/wp-content\/uploads\/2020\/11\/Luftfilter-BE-Air8.jpg\" class=\"attachment-full size-full lazyload wp-post-image\" alt=\"Luftfilter BE AIR8\" srcset=\"data:image\/svg+xml,%3Csvg%20xmlns%3D%27http%3A%2F%2Fwww.w3.org%2F2000%2Fsvg%27%20width%3D%27700%27%20height%3D%27700%27%20viewBox%3D%270%200%20700%20700%27%3E%3Crect%20width%3D%27700%27%20height%3D%27700%27%20fill-opacity%3D%220%22%2F%3E%3C%2Fsvg%3E\" data-orig-src=\"https:\/\/bestelements.de\/wp-content\/uploads\/2020\/11\/Luftfilter-BE-Air8.jpg\" data-srcset=\"https:\/\/bestelements.de\/wp-content\/uploads\/2020\/11\/Luftfilter-BE-Air8-200x200.jpg 200w, https:\/\/bestelements.de\/wp-content\/uploads\/2020\/11\/Luftfilter-BE-Air8-400x400.jpg 400w, https:\/\/bestelements.de\/wp-content\/uploads\/2020\/11\/Luftfilter-BE-Air8-600x600.jpg 600w, https:\/\/bestelements.de\/wp-content\/uploads\/2020\/11\/Luftfilter-BE-Air8.jpg 700w\" data-sizes=\"auto\" \/><div class=\"cart-loading\"><i class=\"awb-icon-spinner\" aria-hidden=\"true\"><\/i><\/div>\t\t\t<\/a>\n\t\t\t\t\t\t\t<\/div>\n<h4 class=\"fusion-carousel-title product-title\"><a href=\"https:\/\/bestelements.de\/de\/kaufen\/luftfilter-luftreiniger-onlineshop\/luftfilter-luftreiniger-be-air8-fuer-buero-gruppen-und-meetings\/\" target=\"_self\">Mobiler Luftfilter Luftreiniger BE AIR8 f\u00fcr B\u00fcro Gruppen Meetings<\/a><\/h4><div class=\"fusion-carousel-meta\"><a href=\"https:\/\/bestelements.de\/de\/produkt-kategorie\/luftfilter-luftreiniger-onlineshop\/\" rel=\"tag\">Luftfilter Luftreiniger kaufen und mieten<\/a><span class=\"gtm4wp_productdata\" style=\"display:none; visibility:hidden;\" data-gtm4wp_product_data=\"{&quot;internal_id&quot;:1790,&quot;item_id&quot;:1790,&quot;item_name&quot;:&quot;Mobiler Luftfilter Luftreiniger BE AIR8 f\\u00fcr B\\u00fcro Gruppen Meetings&quot;,&quot;sku&quot;:&quot;R110208&quot;,&quot;price&quot;:895,&quot;stocklevel&quot;:null,&quot;stockstatus&quot;:&quot;instock&quot;,&quot;google_business_vertical&quot;:&quot;retail&quot;,&quot;item_category&quot;:&quot;Luftfilter Luftreiniger kaufen und mieten&quot;,&quot;id&quot;:1790,&quot;item_brand&quot;:&quot;Luftfilter Luftreiniger kaufen und mieten&quot;,&quot;productlink&quot;:&quot;https:\\\/\\\/bestelements.de\\\/de\\\/kaufen\\\/luftfilter-luftreiniger-onlineshop\\\/luftfilter-luftreiniger-be-air8-fuer-buero-gruppen-und-meetings\\\/&quot;,&quot;item_list_name&quot;:&quot;General Product List&quot;,&quot;index&quot;:0,&quot;product_type&quot;:&quot;simple&quot;}\"><\/span><div class=\"fusion-carousel-price\">\n\t<span class=\"price\"><span class=\"woocommerce-Price-amount amount\"><bdi>895,00&nbsp;<span class=\"woocommerce-Price-currencySymbol\">&euro;<\/span><\/bdi><\/span><\/span>\n<\/div><\/div><\/div><\/div><\/div><\/div><div class=\"awb-swiper-button awb-swiper-button-prev\"><i class=\"awb-icon-angle-left\" aria-hidden=\"true\"><\/i><\/div><div class=\"awb-swiper-button awb-swiper-button-next\"><i class=\"awb-icon-angle-right\" aria-hidden=\"true\"><\/i><\/div><\/div><\/div><\/div><\/div><\/div><\/div><\/p>","protected":false},"excerpt":{"rendered":"","protected":false},"author":1,"featured_media":0,"comment_status":"closed","ping_status":"closed","sticky":false,"template":"","format":"standard","meta":{"footnotes":""},"categories":[33,128],"tags":[],"class_list":["post-5021","post","type-post","status-publish","format-standard","hentry","category-pressemeldungen","category-luftmeldungen"],"_links":{"self":[{"href":"https:\/\/bestelements.de\/de\/wp-json\/wp\/v2\/posts\/5021","targetHints":{"allow":["GET"]}}],"collection":[{"href":"https:\/\/bestelements.de\/de\/wp-json\/wp\/v2\/posts"}],"about":[{"href":"https:\/\/bestelements.de\/de\/wp-json\/wp\/v2\/types\/post"}],"author":[{"embeddable":true,"href":"https:\/\/bestelements.de\/de\/wp-json\/wp\/v2\/users\/1"}],"replies":[{"embeddable":true,"href":"https:\/\/bestelements.de\/de\/wp-json\/wp\/v2\/comments?post=5021"}],"version-history":[{"count":0,"href":"https:\/\/bestelements.de\/de\/wp-json\/wp\/v2\/posts\/5021\/revisions"}],"wp:attachment":[{"href":"https:\/\/bestelements.de\/de\/wp-json\/wp\/v2\/media?parent=5021"}],"wp:term":[{"taxonomy":"category","embeddable":true,"href":"https:\/\/bestelements.de\/de\/wp-json\/wp\/v2\/categories?post=5021"},{"taxonomy":"post_tag","embeddable":true,"href":"https:\/\/bestelements.de\/de\/wp-json\/wp\/v2\/tags?post=5021"}],"curies":[{"name":"wp","href":"https:\/\/api.w.org\/{rel}","templated":true}]}}